{"id":414,"date":"2010-12-13T10:31:13","date_gmt":"2010-12-13T07:31:13","guid":{"rendered":"https:\/\/www.ramazanbasak.com.tr\/basak-akcakalede"},"modified":"2010-12-13T10:31:13","modified_gmt":"2010-12-13T07:31:13","slug":"basak-akcakalede","status":"publish","type":"post","link":"https:\/\/www.ramazanbasak.com.tr\/?p=414","title":{"rendered":"Ba\u015fak Ak\u00e7akale&#8217;de"},"content":{"rendered":"<p><img loading=\"lazy\" decoding=\"async\" class=\" alignleft size-full wp-image-413\" align=\"left\" width=\"200\" height=\"138\" alt=\"\" src=\"https:\/\/www.ramazanbasak.com.tr\/wp-content\/uploads\/2010\/12\/akcakaleziyaretiaralik2010.bmp\" \/><\/p>\n<p><strong>Ak Parti \u015eanl\u0131urfa Milletvekili Ramazan Ba\u015fak D\u00fcn Ak\u00e7akale&#8217;ye giderek bir dizi ziyaretler ger\u00e7ekle\u015ftirerek \u0130l\u00e7enin sorunlar\u0131n\u0131 ele ald\u0131.  <!--more-->  <\/strong><\/p>\n<p><strong>Ak Parti \u015eanl\u0131urfa Milletvekili Ramazan Ba\u015fak durmak bilmiyor. \u0130ki g\u00fcn i\u00e7erisinde gitmedik yer b\u0131rakmayan Milletvekili Ramazan Ba\u015fak Ak\u00e7akalelileri de yaln\u0131z b\u0131rakmad\u0131.<b>&nbsp;<\/b><\/strong><\/p>\n<p> Hastaneleri dola\u015fan hasta odalar\u0131n\u0131 tek tek ziyaret eden durumlar\u0131 hakk\u0131nda hastane doktorlar\u0131ndan bilgi alan Ak Parti \u015eanl\u0131urfa Milletvekili Ramazan Ba\u015fak, Ak\u00e7akale halk\u0131n\u0131 da yaln\u0131z b\u0131rakmad\u0131. Ak\u00e7akale il\u00e7esine giden Ak Parti \u015eanl\u0131urfa Milletvekili Ramazan Ba\u015fak ilk olarak Ak Parti Ak\u00e7akale il\u00e7e te\u015fkilat\u0131n\u0131 ziyaret ederek \u0130l\u00e7e Te\u015fkilat Ba\u015fkan\u0131 Naif Ba\u015fak ve parti y\u00f6neticileriyle birlikte oldu. Daha sonra bir dizi esnaf ve taziye ziyaretlerinde bulunduktan sonra Ak\u00e7akale belediye Ba\u015fkan\u0131 Abdulhakim Ayhan&rsquo;\u0131 makam\u0131nda ziyaret etti. Ziyaret sonucu belediye ba\u015fkan\u0131yla il\u00e7e sorunlar\u0131 hakk\u0131nda bilgi alan Ak Parti \u015eanl\u0131urfa Milletvekili Ramazan Ba\u015fak, &lsquo;iktidar olarak sadece kendi partili ba\u015fkanlara de\u011fil, bu \u00fclke i\u00e7in \u00e7al\u0131\u015fan herkese destek vereceklerini&rsquo; belirtti. Belediye Ba\u015fkanl\u0131\u011f\u0131ndan ayr\u0131ld\u0131ktan sonra \u0130l\u00e7e Kaymakam\u0131 \u015eefik Ayg\u00fcl&rsquo;\u00fc de makam\u0131nda ziyaret etti.<\/p>\n","protected":false},"excerpt":{"rendered":"<p>Ak Parti \u015eanl\u0131urfa Milletvekili Ramazan Ba\u015fak D\u00fcn Ak\u00e7akale&#8217;ye giderek bir dizi ziyaretler ger\u00e7ekle\u015ftirerek \u0130l\u00e7enin sorunlar\u0131n\u0131 ele ald\u0131. Ak Parti \u015eanl\u0131urfa Milletvekili Ramazan Ba\u015fak durmak bilmiyor. \u0130ki g\u00fcn i\u00e7erisinde gitmedik yer b\u0131rakmayan Milletvekili Ramazan Ba\u015fak Ak\u00e7akalelileri de yaln\u0131z b\u0131rakmad\u0131.&nbsp; Hastaneleri dola\u015fan hasta odalar\u0131n\u0131 tek tek ziyaret eden durumlar\u0131 hakk\u0131nda hastane doktorlar\u0131ndan bilgi alan Ak Parti \u015eanl\u0131urfa &hellip;<\/p>\n","protected":false},"author":2,"featured_media":413,"comment_status":"open","ping_status":"open","sticky":false,"template":"","format":"standard","meta":{"footnotes":""},"categories":[8],"tags":[],"class_list":["post-414","post","type-post","status-publish","format-standard","has-post-thumbnail","hentry","category-haberler-haberler"],"_links":{"self":[{"href":"https:\/\/www.ramazanbasak.com.tr\/index.php?rest_route=\/wp\/v2\/posts\/414","targetHints":{"allow":["GET"]}}],"collection":[{"href":"https:\/\/www.ramazanbasak.com.tr\/index.php?rest_route=\/wp\/v2\/posts"}],"about":[{"href":"https:\/\/www.ramazanbasak.com.tr\/index.php?rest_route=\/wp\/v2\/types\/post"}],"author":[{"embeddable":true,"href":"https:\/\/www.ramazanbasak.com.tr\/index.php?rest_route=\/wp\/v2\/users\/2"}],"replies":[{"embeddable":true,"href":"https:\/\/www.ramazanbasak.com.tr\/index.php?rest_route=%2Fwp%2Fv2%2Fcomments&post=414"}],"version-history":[{"count":0,"href":"https:\/\/www.ramazanbasak.com.tr\/index.php?rest_route=\/wp\/v2\/posts\/414\/revisions"}],"wp:featuredmedia":[{"embeddable":true,"href":"https:\/\/www.ramazanbasak.com.tr\/index.php?rest_route=\/wp\/v2\/media\/413"}],"wp:attachment":[{"href":"https:\/\/www.ramazanbasak.com.tr\/index.php?rest_route=%2Fwp%2Fv2%2Fmedia&parent=414"}],"wp:term":[{"taxonomy":"category","embeddable":true,"href":"https:\/\/www.ramazanbasak.com.tr\/index.php?rest_route=%2Fwp%2Fv2%2Fcategories&post=414"},{"taxonomy":"post_tag","embeddable":true,"href":"https:\/\/www.ramazanbasak.com.tr\/index.php?rest_route=%2Fwp%2Fv2%2Ftags&post=414"}],"curies":[{"name":"wp","href":"https:\/\/api.w.org\/{rel}","templated":true}]}}