{"id":418,"date":"2010-12-27T09:52:12","date_gmt":"2010-12-27T06:52:12","guid":{"rendered":"https:\/\/www.ramazanbasak.com.tr\/basak-suriyelileri-ugurladi"},"modified":"2010-12-27T09:52:12","modified_gmt":"2010-12-27T06:52:12","slug":"basak-suriyelileri-ugurladi","status":"publish","type":"post","link":"https:\/\/www.ramazanbasak.com.tr\/?p=418","title":{"rendered":"Ba\u015fak Suriyelileri u\u011furlad\u0131"},"content":{"rendered":"<p><img loading=\"lazy\" decoding=\"async\" class=\" alignleft size-full wp-image-417\" align=\"left\" width=\"200\" height=\"138\" alt=\"\" src=\"https:\/\/www.ramazanbasak.com.tr\/wp-content\/uploads\/2010\/12\/suriyeugurlamasi2010.bmp\" \/><\/p>\n<p><strong>Ak Parti \u015eanl\u0131urfa Milletvekili Ramazan Ba\u015fak, Ak\u00e7akale s\u0131n\u0131r kap\u0131s\u0131na giderek T\u00fcrkiye ziyaretlerini ger\u00e7ekle\u015ftiren Suriyeli Vatanda\u015flar\u0131 \u00fclkelerine u\u011furlad\u0131.  <!--more-->  <\/strong><\/p>\n<p><p><strong>Ak Parti \u015eanl\u0131urfa Milletvekili Ramazan Ba\u015fak, Ak\u00e7akale s\u0131n\u0131r kap\u0131s\u0131na giderek T\u00fcrkiye&rsquo;ye gelen Suriyeli Vatanda\u015flar\u0131 kendi \u00fclkelerine u\u011furlad\u0131.<\/strong><\/p>\n<\/p>\n<p>&nbsp;<\/p>\n<p>&nbsp;<\/p>\n<p>Ge\u00e7ti\u011fimiz Hafta sonu Ak\u00e7akale il\u00e7esinde bir dizi ziyaretler ger\u00e7ekle\u015ftiren Ak Parti \u015eanl\u0131urfa Milletvekili Ramazan Ba\u015fak, daha sonra kom\u015fu \u00fclke olan Suriye Vatanda\u015flar\u0131n\u0131 T\u00fcrkiye ziyaretlerin ger\u00e7ekle\u015ftirdikten sonra Suriye&rsquo;ye d\u00f6nmek \u00fczere kendi topraklar\u0131na yolculad\u0131. Ak Parti \u015eanl\u0131urfa Milletvekili Ramazan Ba\u015fak &lsquo;kom\u015fu \u00fclkemiz olan Suriye ile ili\u015fkilerimizin daha \u00e7ok ilerlemesi i\u00e7in elimizden gelen t\u00fcm gayretleri sarfediyoruz.&rsquo; dedi<\/p>\n","protected":false},"excerpt":{"rendered":"<p>Ak Parti \u015eanl\u0131urfa Milletvekili Ramazan Ba\u015fak, Ak\u00e7akale s\u0131n\u0131r kap\u0131s\u0131na giderek T\u00fcrkiye ziyaretlerini ger\u00e7ekle\u015ftiren Suriyeli Vatanda\u015flar\u0131 \u00fclkelerine u\u011furlad\u0131. Ak Parti \u015eanl\u0131urfa Milletvekili Ramazan Ba\u015fak, Ak\u00e7akale s\u0131n\u0131r kap\u0131s\u0131na giderek T\u00fcrkiye&rsquo;ye gelen Suriyeli Vatanda\u015flar\u0131 kendi \u00fclkelerine u\u011furlad\u0131. &nbsp; &nbsp; Ge\u00e7ti\u011fimiz Hafta sonu Ak\u00e7akale il\u00e7esinde bir dizi ziyaretler ger\u00e7ekle\u015ftiren Ak Parti \u015eanl\u0131urfa Milletvekili Ramazan Ba\u015fak, daha sonra kom\u015fu \u00fclke &hellip;<\/p>\n","protected":false},"author":2,"featured_media":417,"comment_status":"open","ping_status":"open","sticky":false,"template":"","format":"standard","meta":{"footnotes":""},"categories":[8],"tags":[],"class_list":["post-418","post","type-post","status-publish","format-standard","has-post-thumbnail","hentry","category-haberler-haberler"],"_links":{"self":[{"href":"https:\/\/www.ramazanbasak.com.tr\/index.php?rest_route=\/wp\/v2\/posts\/418","targetHints":{"allow":["GET"]}}],"collection":[{"href":"https:\/\/www.ramazanbasak.com.tr\/index.php?rest_route=\/wp\/v2\/posts"}],"about":[{"href":"https:\/\/www.ramazanbasak.com.tr\/index.php?rest_route=\/wp\/v2\/types\/post"}],"author":[{"embeddable":true,"href":"https:\/\/www.ramazanbasak.com.tr\/index.php?rest_route=\/wp\/v2\/users\/2"}],"replies":[{"embeddable":true,"href":"https:\/\/www.ramazanbasak.com.tr\/index.php?rest_route=%2Fwp%2Fv2%2Fcomments&post=418"}],"version-history":[{"count":0,"href":"https:\/\/www.ramazanbasak.com.tr\/index.php?rest_route=\/wp\/v2\/posts\/418\/revisions"}],"wp:featuredmedia":[{"embeddable":true,"href":"https:\/\/www.ramazanbasak.com.tr\/index.php?rest_route=\/wp\/v2\/media\/417"}],"wp:attachment":[{"href":"https:\/\/www.ramazanbasak.com.tr\/index.php?rest_route=%2Fwp%2Fv2%2Fmedia&parent=418"}],"wp:term":[{"taxonomy":"category","embeddable":true,"href":"https:\/\/www.ramazanbasak.com.tr\/index.php?rest_route=%2Fwp%2Fv2%2Fcategories&post=418"},{"taxonomy":"post_tag","embeddable":true,"href":"https:\/\/www.ramazanbasak.com.tr\/index.php?rest_route=%2Fwp%2Fv2%2Ftags&post=418"}],"curies":[{"name":"wp","href":"https:\/\/api.w.org\/{rel}","templated":true}]}}