{"id":420,"date":"2010-12-27T10:02:41","date_gmt":"2010-12-27T07:02:41","guid":{"rendered":"https:\/\/www.ramazanbasak.com.tr\/basak-birlik-sorunlarini-ele-aldi"},"modified":"2010-12-27T10:02:41","modified_gmt":"2010-12-27T07:02:41","slug":"basak-birlik-sorunlarini-ele-aldi","status":"publish","type":"post","link":"https:\/\/www.ramazanbasak.com.tr\/?p=420","title":{"rendered":"Ba\u015fak Birlik Sorunlar\u0131n\u0131 Ele Ald\u0131"},"content":{"rendered":"<p><img loading=\"lazy\" decoding=\"async\" class=\" alignleft size-full wp-image-419\" align=\"left\" width=\"200\" height=\"138\" alt=\"\" src=\"https:\/\/www.ramazanbasak.com.tr\/wp-content\/uploads\/2010\/12\/birliksorunlari2010.bmp\" \/><\/p>\n<p><strong>Ak Parti \u015eanl\u0131urfa Milletvekili Ramazan Ba\u015fak, Ak\u00e7akale il\u00e7esine ba\u011fl\u0131 Tah\u0131lalan sulama birli\u011finin sorunlar\u0131n\u0131 dinledi.  <!--more-->  <\/strong><\/p>\n<p>&nbsp;<\/p>\n<div><b>Ak Parti \u015eanl\u0131urfa Milletvekili Ramazan Ba\u015fak, Ak\u00e7akale il\u00e7esine ba\u011fl\u0131 Tah\u0131lalan Sulama Birli\u011finin sorunlar\u0131n\u0131 dinledi.<\/b><\/div>\n<div>&nbsp;<\/div>\n<div><b>Tah\u0131lalan Sulama Birli\u011fini ziyaret eden Ak Parti \u015eanl\u0131urfa Milletvekili Ramazan Ba\u015fak, Tah\u0131lalan Sulama Birli\u011fi Ba\u015fkan\u0131 \u0130brahim Ba\u015fak&rsquo;tan yap\u0131lan \u00e7al\u0131\u015fmalar ve eksiklikler hakk\u0131nda bilgi ald\u0131. Milletvekili Ramazan Ba\u015fak, &lsquo;Tah\u0131lalan Sulama Birli\u011fi \u00f6nemli bir sulama birliklerimizden biri, biz \u00f6ncelikle \u00e7ift\u00e7ilerimize Harranl\u0131 \u00e7ift\u00e7ilerimize, k\u00f6ylerimize, muhtarl\u0131klar\u0131m\u0131za, vermi\u015f olduklar\u0131 destekten dolay\u0131 \u00f6ncelikle kendilerine te\u015fekk\u00fcr ediyoruz ba\u015far\u0131lar diliyoruz. Sulama birli\u011fi ziyaretlerimizden biride hem \u00e7ift\u00e7ilerimizin sorunlar\u0131n\u0131 hem \u00e7ift\u00e7ilerimizin kendilerinden beklentilerinin, hem onlar\u0131nda parlamento \u00e7ok k\u0131sa bir s\u00fcre i\u00e7erisinde&nbsp;g\u00f6r\u00fc\u015f\u00fclecek ve karara ba\u011flanacak olan sulama birlikleriyle ilgili yasa i\u00e7erisinde taleplerini beklentilerini \u015fikayetlerini tavsiyelerini yerinde incelemek amac\u0131yla buraday\u0131z. Ben, alaca\u011f\u0131m\u0131z bu bilgiler \u0131\u015f\u0131\u011f\u0131 alt\u0131nda, Ankara&rsquo;da bu sorunlar\u0131n takip\u00e7isi olaca\u011f\u0131m\u0131n taahh\u00fcd\u00fcn\u00fc veriyorum. Say\u0131n ba\u015fkan\u0131n \u015fahs\u0131 ad\u0131na y\u00f6netimdeki b\u00fct\u00fcn arkada\u015flara ba\u015far\u0131lar diliyorum. \u00c7ift\u00e7ilerimize de bol kazan\u00e7l\u0131 bereketli bir y\u0131l ge\u00e7irmeleri temenisiyle sayg\u0131lar\u0131m\u0131 sunuyorum.&rsquo; dedi.<\/b><\/div>\n","protected":false},"excerpt":{"rendered":"<p>Ak Parti \u015eanl\u0131urfa Milletvekili Ramazan Ba\u015fak, Ak\u00e7akale il\u00e7esine ba\u011fl\u0131 Tah\u0131lalan sulama birli\u011finin sorunlar\u0131n\u0131 dinledi. &nbsp; Ak Parti \u015eanl\u0131urfa Milletvekili Ramazan Ba\u015fak, Ak\u00e7akale il\u00e7esine ba\u011fl\u0131 Tah\u0131lalan Sulama Birli\u011finin sorunlar\u0131n\u0131 dinledi. &nbsp; Tah\u0131lalan Sulama Birli\u011fini ziyaret eden Ak Parti \u015eanl\u0131urfa Milletvekili Ramazan Ba\u015fak, Tah\u0131lalan Sulama Birli\u011fi Ba\u015fkan\u0131 \u0130brahim Ba\u015fak&rsquo;tan yap\u0131lan \u00e7al\u0131\u015fmalar ve eksiklikler hakk\u0131nda bilgi ald\u0131. Milletvekili &hellip;<\/p>\n","protected":false},"author":2,"featured_media":419,"comment_status":"open","ping_status":"open","sticky":false,"template":"","format":"standard","meta":{"footnotes":""},"categories":[8],"tags":[],"class_list":["post-420","post","type-post","status-publish","format-standard","has-post-thumbnail","hentry","category-haberler-haberler"],"_links":{"self":[{"href":"https:\/\/www.ramazanbasak.com.tr\/index.php?rest_route=\/wp\/v2\/posts\/420","targetHints":{"allow":["GET"]}}],"collection":[{"href":"https:\/\/www.ramazanbasak.com.tr\/index.php?rest_route=\/wp\/v2\/posts"}],"about":[{"href":"https:\/\/www.ramazanbasak.com.tr\/index.php?rest_route=\/wp\/v2\/types\/post"}],"author":[{"embeddable":true,"href":"https:\/\/www.ramazanbasak.com.tr\/index.php?rest_route=\/wp\/v2\/users\/2"}],"replies":[{"embeddable":true,"href":"https:\/\/www.ramazanbasak.com.tr\/index.php?rest_route=%2Fwp%2Fv2%2Fcomments&post=420"}],"version-history":[{"count":0,"href":"https:\/\/www.ramazanbasak.com.tr\/index.php?rest_route=\/wp\/v2\/posts\/420\/revisions"}],"wp:featuredmedia":[{"embeddable":true,"href":"https:\/\/www.ramazanbasak.com.tr\/index.php?rest_route=\/wp\/v2\/media\/419"}],"wp:attachment":[{"href":"https:\/\/www.ramazanbasak.com.tr\/index.php?rest_route=%2Fwp%2Fv2%2Fmedia&parent=420"}],"wp:term":[{"taxonomy":"category","embeddable":true,"href":"https:\/\/www.ramazanbasak.com.tr\/index.php?rest_route=%2Fwp%2Fv2%2Fcategories&post=420"},{"taxonomy":"post_tag","embeddable":true,"href":"https:\/\/www.ramazanbasak.com.tr\/index.php?rest_route=%2Fwp%2Fv2%2Ftags&post=420"}],"curies":[{"name":"wp","href":"https:\/\/api.w.org\/{rel}","templated":true}]}}