{"id":423,"date":"2011-01-02T14:56:39","date_gmt":"2011-01-02T11:56:39","guid":{"rendered":"https:\/\/www.ramazanbasak.com.tr\/basaktan-iki-dil-yorumu"},"modified":"2011-01-02T14:56:39","modified_gmt":"2011-01-02T11:56:39","slug":"basaktan-iki-dil-yorumu","status":"publish","type":"post","link":"https:\/\/www.ramazanbasak.com.tr\/?p=423","title":{"rendered":"Ba\u015fak&#8217;tan \u0130ki Dil Yorumu"},"content":{"rendered":"<div style=\"height: 110px;\"><b><img loading=\"lazy\" decoding=\"async\" class=\" alignleft size-full wp-image-422\" height=\"159\" width=\"200\" align=\"left\" src=\"https:\/\/www.ramazanbasak.com.tr\/wp-content\/uploads\/2011\/01\/1.bmp\" alt=\"\" \/><\/b>Beyaz TV ekranlar\u0131nda yay\u0131nlanan  MODERAT\u00d6R program\u0131n\u0131n d\u00fcnk\u00fc konu\u011fu Ak Parti \u015eanl\u0131urfa Milletvekili  Ramazan Ba\u015fak&#8217;t\u0131. g\u00fcndemle ilgili a\u00e7\u0131klamalarda bulunan Ba\u015fak ortak dili  yorumlad\u0131.<span style=\"font-weight: bold;\"><\/p>\n<p> <\/span>Beyaz TV ekranlar\u0131nda yay\u0131nlanan MODERAT\u00d6R program\u0131n\u0131n d\u00fcnk\u00fc  konu\u011fu Ak Parti \u015eanl\u0131urfa Milletvekili Ramazan Ba\u015fak&#8217;t\u0131. g\u00fcndemle ilgili  a\u00e7\u0131klamalarda bulunan Ba\u015fak ortak dili yorumlad\u0131.<\/div>\n<div style=\"height: 110px;\">Moderat\u00f6r program\u0131na kat\u0131lan Ak Parti \u015eanl\u0131urfa Milletvekili Ramazan  Ba\u015fak, T\u00fcrkiye g\u00fcndeminde halen tart\u0131\u015f\u0131lan iki dil konular\u0131 hakk\u0131nda  a\u00e7\u0131klamalarda bulundu.<\/div>\n","protected":false},"excerpt":{"rendered":"<p>Beyaz TV ekranlar\u0131nda yay\u0131nlanan MODERAT\u00d6R program\u0131n\u0131n d\u00fcnk\u00fc konu\u011fu Ak Parti \u015eanl\u0131urfa Milletvekili Ramazan Ba\u015fak&#8217;t\u0131. g\u00fcndemle ilgili a\u00e7\u0131klamalarda bulunan Ba\u015fak ortak dili yorumlad\u0131. Beyaz TV ekranlar\u0131nda yay\u0131nlanan MODERAT\u00d6R program\u0131n\u0131n d\u00fcnk\u00fc konu\u011fu Ak Parti \u015eanl\u0131urfa Milletvekili Ramazan Ba\u015fak&#8217;t\u0131. g\u00fcndemle ilgili a\u00e7\u0131klamalarda bulunan Ba\u015fak ortak dili yorumlad\u0131. Moderat\u00f6r program\u0131na kat\u0131lan Ak Parti \u015eanl\u0131urfa Milletvekili Ramazan Ba\u015fak, T\u00fcrkiye g\u00fcndeminde &hellip;<\/p>\n","protected":false},"author":2,"featured_media":421,"comment_status":"open","ping_status":"open","sticky":false,"template":"","format":"standard","meta":{"footnotes":""},"categories":[8],"tags":[],"class_list":["post-423","post","type-post","status-publish","format-standard","has-post-thumbnail","hentry","category-haberler-haberler"],"_links":{"self":[{"href":"https:\/\/www.ramazanbasak.com.tr\/index.php?rest_route=\/wp\/v2\/posts\/423","targetHints":{"allow":["GET"]}}],"collection":[{"href":"https:\/\/www.ramazanbasak.com.tr\/index.php?rest_route=\/wp\/v2\/posts"}],"about":[{"href":"https:\/\/www.ramazanbasak.com.tr\/index.php?rest_route=\/wp\/v2\/types\/post"}],"author":[{"embeddable":true,"href":"https:\/\/www.ramazanbasak.com.tr\/index.php?rest_route=\/wp\/v2\/users\/2"}],"replies":[{"embeddable":true,"href":"https:\/\/www.ramazanbasak.com.tr\/index.php?rest_route=%2Fwp%2Fv2%2Fcomments&post=423"}],"version-history":[{"count":0,"href":"https:\/\/www.ramazanbasak.com.tr\/index.php?rest_route=\/wp\/v2\/posts\/423\/revisions"}],"wp:featuredmedia":[{"embeddable":true,"href":"https:\/\/www.ramazanbasak.com.tr\/index.php?rest_route=\/wp\/v2\/media\/421"}],"wp:attachment":[{"href":"https:\/\/www.ramazanbasak.com.tr\/index.php?rest_route=%2Fwp%2Fv2%2Fmedia&parent=423"}],"wp:term":[{"taxonomy":"category","embeddable":true,"href":"https:\/\/www.ramazanbasak.com.tr\/index.php?rest_route=%2Fwp%2Fv2%2Fcategories&post=423"},{"taxonomy":"post_tag","embeddable":true,"href":"https:\/\/www.ramazanbasak.com.tr\/index.php?rest_route=%2Fwp%2Fv2%2Ftags&post=423"}],"curies":[{"name":"wp","href":"https:\/\/api.w.org\/{rel}","templated":true}]}}