{"id":426,"date":"2011-01-02T15:06:19","date_gmt":"2011-01-02T12:06:19","guid":{"rendered":"https:\/\/www.ramazanbasak.com.tr\/basak-kurtce-sozler-dile-getirdi"},"modified":"2011-01-02T15:06:19","modified_gmt":"2011-01-02T12:06:19","slug":"basak-kurtce-sozler-dile-getirdi","status":"publish","type":"post","link":"https:\/\/www.ramazanbasak.com.tr\/?p=426","title":{"rendered":"Ba\u015fak K\u00fcrt\u00e7e S\u00f6zler Dile Getirdi."},"content":{"rendered":"<p><b><img loading=\"lazy\" decoding=\"async\" class=\" alignleft size-full wp-image-425\" height=\"159\" width=\"200\" align=\"left\" src=\"https:\/\/www.ramazanbasak.com.tr\/wp-content\/uploads\/2011\/01\/2.bmp\" alt=\"\" \/>Do\u011fu ve G\u00fcneydo\u011fu Anadolu b\u00f6lgelerinin ekonomik geli\u015fmeler hakk\u0131nda  meclis k\u00fcrs\u00fcs\u00fcne \u00e7\u0131karak konu\u015fma yapan Milletvekili Ramazan Ba\u015fak, ya\u015fl\u0131  bir amcan\u0131n s\u00f6zleriyle &#8216;Bizi kimse ay\u0131ramaz.&#8217; dedi.<\/b><\/p>\n<p>  <!--more-->  <\/p>\n<p>G\u00fcndem d\u0131\u015f\u0131 2002&rsquo;den 2010 y\u0131l\u0131na kadar T\u00fcrkiye ekonomisini ele Ak Parti  \u015eanl\u0131urfa Milletvekili Ramazan Ba\u015fak, 2002 y\u0131l\u0131nda bu \u00fclkede yetmi\u015f  milyon insandan sizler veya bizler ad\u0131na bu \u00fclkede yat\u0131r\u0131m yapmak ad\u0131na,  toplanan vergilerin hemen hemen t\u00fcm\u00fcne yak\u0131n y\u00fczde 85.9 faiz  giderlerine gidiyormu\u015f faiz giderlerine gitti\u011fini belirtti. Ge\u00e7ti\u011fimiz  kurban bayram\u0131nda se\u00e7im b\u00f6lgesine gelen Ak Parti \u015eanl\u0131urfa Milletvekili  Ramazan Ba\u015fak, o\u011flunu askere g\u00f6nderen ve g\u00f6revde \u015fehit d\u00fc\u015fen bir amcan\u0131n  kurban bayram\u0131n\u0131 yapmak \u00fczere yan\u0131na gitti\u011finde amcan\u0131n vekile s\u00f6ylemi\u015f  oldu\u011fu konu\u015fmalar\u0131 vekil Ramazan Ba\u015fak&rsquo;\u0131 duyguland\u0131rm\u0131\u015ft\u0131. Amcan\u0131n  kendisine K\u00fcrt\u00e7e s\u00f6ylemi\u015f oldu\u011fu &lsquo;emgi b\u0131ray hew\u0131n&rsquo; (biz hepimiz  kerde\u015fiz) s\u00f6zlerine kulak veren Ak Parti \u015eanl\u0131urfa Milletvekili Ramazan  Ba\u015fak, bu s\u00f6zleri meclise ta\u015f\u0131yarak,T\u00fcrk\u00e7eyi ge\u00e7mi\u015f iktidarlar\u0131m\u0131z\u0131n o  b\u00f6lgede s\u00fcrekli e\u011fitim yapmad\u0131klar\u0131 i\u00e7in az denecek kadar bilen T\u00fcrk\u00e7e  konu\u015fan k\u00fcrt k\u00f6kenli bir T\u00fcrkiye cumhuriyeti vatanda\u015f\u0131 oldu\u011fumuzu dile  getirdi.<\/p>\n","protected":false},"excerpt":{"rendered":"<p>Do\u011fu ve G\u00fcneydo\u011fu Anadolu b\u00f6lgelerinin ekonomik geli\u015fmeler hakk\u0131nda meclis k\u00fcrs\u00fcs\u00fcne \u00e7\u0131karak konu\u015fma yapan Milletvekili Ramazan Ba\u015fak, ya\u015fl\u0131 bir amcan\u0131n s\u00f6zleriyle &#8216;Bizi kimse ay\u0131ramaz.&#8217; dedi. G\u00fcndem d\u0131\u015f\u0131 2002&rsquo;den 2010 y\u0131l\u0131na kadar T\u00fcrkiye ekonomisini ele Ak Parti \u015eanl\u0131urfa Milletvekili Ramazan Ba\u015fak, 2002 y\u0131l\u0131nda bu \u00fclkede yetmi\u015f milyon insandan sizler veya bizler ad\u0131na bu \u00fclkede yat\u0131r\u0131m yapmak ad\u0131na, &hellip;<\/p>\n","protected":false},"author":2,"featured_media":424,"comment_status":"open","ping_status":"open","sticky":false,"template":"","format":"standard","meta":{"footnotes":""},"categories":[8],"tags":[],"class_list":["post-426","post","type-post","status-publish","format-standard","has-post-thumbnail","hentry","category-haberler-haberler"],"_links":{"self":[{"href":"https:\/\/www.ramazanbasak.com.tr\/index.php?rest_route=\/wp\/v2\/posts\/426","targetHints":{"allow":["GET"]}}],"collection":[{"href":"https:\/\/www.ramazanbasak.com.tr\/index.php?rest_route=\/wp\/v2\/posts"}],"about":[{"href":"https:\/\/www.ramazanbasak.com.tr\/index.php?rest_route=\/wp\/v2\/types\/post"}],"author":[{"embeddable":true,"href":"https:\/\/www.ramazanbasak.com.tr\/index.php?rest_route=\/wp\/v2\/users\/2"}],"replies":[{"embeddable":true,"href":"https:\/\/www.ramazanbasak.com.tr\/index.php?rest_route=%2Fwp%2Fv2%2Fcomments&post=426"}],"version-history":[{"count":0,"href":"https:\/\/www.ramazanbasak.com.tr\/index.php?rest_route=\/wp\/v2\/posts\/426\/revisions"}],"wp:featuredmedia":[{"embeddable":true,"href":"https:\/\/www.ramazanbasak.com.tr\/index.php?rest_route=\/wp\/v2\/media\/424"}],"wp:attachment":[{"href":"https:\/\/www.ramazanbasak.com.tr\/index.php?rest_route=%2Fwp%2Fv2%2Fmedia&parent=426"}],"wp:term":[{"taxonomy":"category","embeddable":true,"href":"https:\/\/www.ramazanbasak.com.tr\/index.php?rest_route=%2Fwp%2Fv2%2Fcategories&post=426"},{"taxonomy":"post_tag","embeddable":true,"href":"https:\/\/www.ramazanbasak.com.tr\/index.php?rest_route=%2Fwp%2Fv2%2Ftags&post=426"}],"curies":[{"name":"wp","href":"https:\/\/api.w.org\/{rel}","templated":true}]}}