{"id":429,"date":"2011-01-02T15:13:29","date_gmt":"2011-01-02T12:13:29","guid":{"rendered":"https:\/\/www.ramazanbasak.com.tr\/turkiye-zirveye-oynuyor"},"modified":"2011-01-02T15:13:29","modified_gmt":"2011-01-02T12:13:29","slug":"turkiye-zirveye-oynuyor","status":"publish","type":"post","link":"https:\/\/www.ramazanbasak.com.tr\/?p=429","title":{"rendered":"T\u00fcrkiye Zirveye Oynuyor"},"content":{"rendered":"<p><!--[if gte mso 9]><xml>  <w:WordDocument>   <w:View>Normal<\/w:View>   <w:Zoom>0<\/w:Zoom>   <w:HyphenationZone>21<\/w:HyphenationZone>   <w:PunctuationKerning\/>   <w:ValidateAgainstSchemas\/>   <w:SaveIfXMLInvalid>false<\/w:SaveIfXMLInvalid>   <w:IgnoreMixedContent>false<\/w:IgnoreMixedContent>   <w:AlwaysShowPlaceholderText>false<\/w:AlwaysShowPlaceholderText>   <w:Compatibility>    <w:BreakWrappedTables\/>    <w:SnapToGridInCell\/>    <w:WrapTextWithPunct\/>    <w:UseAsianBreakRules\/>    <w:DontGrowAutofit\/>   <\/w:Compatibility>   <w:BrowserLevel>MicrosoftInternetExplorer4<\/w:BrowserLevel>  <\/w:WordDocument> <\/xml><![endif]--><!--[if gte mso 9]><xml>  <w:LatentStyles DefLockedState=\"false\" LatentStyleCount=\"156\">  <\/w:LatentStyles> <\/xml><![endif]--><!--[if gte mso 10]> \n\n<style>  \/* Style Definitions *\/  table.MsoNormalTable \t{mso-style-name:\"Normal Tablo\"; \tmso-tstyle-rowband-size:0; \tmso-tstyle-colband-size:0; \tmso-style-noshow:yes; \tmso-style-parent:\"\"; \tmso-padding-alt:0cm 5.4pt 0cm 5.4pt; \tmso-para-margin:0cm; \tmso-para-margin-bottom:.0001pt; \tmso-pagination:widow-orphan; \tfont-size:10.0pt; \tfont-family:\"Times New Roman\"; \tmso-ansi-language:#0400; \tmso-fareast-language:#0400; \tmso-bidi-language:#0400;} <\/style>\n\n <![endif]--> <\/p>\n<h1><i><span style=\"font-size: 11.5pt; font-family: Georgia;\"><img loading=\"lazy\" decoding=\"async\" class=\" alignleft size-full wp-image-428\" height=\"154\" width=\"200\" align=\"left\" src=\"https:\/\/www.ramazanbasak.com.tr\/wp-content\/uploads\/2011\/01\/3.bmp\" alt=\"\" \/>T\u00fcrkiye&#8217;nin geli\u015fmesini istemeyen odaklar var<\/span><\/i><\/h1>\n<p><b><i><span style=\"font-size: 12pt; font-family: Georgia;\">AK Parti Milletvekili Ramazan Ba\u015fak, beyazgazete.com&#8217;a g\u00fcndeme ili\u015fkin \u00f6nemli de\u011ferlendirmelerde bulundu.<\/span><\/i><span style=\"font-size: 12pt; font-family: &quot;Times New Roman&quot;;\"><br \/> <\/span><\/b><span style=\"font-size: 12pt; font-family: &quot;Times New Roman&quot;;\"><br \/> <\/span><strong><span style=\"font-size: 11.5pt; font-family: Arial;\">B\u00d6L\u00dcNME S\u00d6Z KONUSU OLAMAZ<\/span><\/strong><b><span style=\"font-size: 12pt; font-family: &quot;Times New Roman&quot;;\"><br style=\"\" \/> <br style=\"\" \/> <\/span><\/b><\/p>\n<p>  <!--more-->  <!--[if gte mso 9]><xml>  <w:WordDocument>   <w:View>Normal<\/w:View>   <w:Zoom>0<\/w:Zoom>   <w:HyphenationZone>21<\/w:HyphenationZone>   <w:PunctuationKerning\/>   <w:ValidateAgainstSchemas\/>   <w:SaveIfXMLInvalid>false<\/w:SaveIfXMLInvalid>   <w:IgnoreMixedContent>false<\/w:IgnoreMixedContent>   <w:AlwaysShowPlaceholderText>false<\/w:AlwaysShowPlaceholderText>   <w:Compatibility>    <w:BreakWrappedTables\/>    <w:SnapToGridInCell\/>    <w:WrapTextWithPunct\/>    <w:UseAsianBreakRules\/>    <w:DontGrowAutofit\/>   <\/w:Compatibility>   <w:BrowserLevel>MicrosoftInternetExplorer4<\/w:BrowserLevel>  <\/w:WordDocument> <\/xml><![endif]--><!--[if gte mso 9]><xml>  <w:LatentStyles DefLockedState=\"false\" LatentStyleCount=\"156\">  <\/w:LatentStyles> <\/xml><![endif]--><!--[if gte mso 10]> \n\n<style>  \/* Style Definitions *\/  table.MsoNormalTable \t{mso-style-name:\"Normal Tablo\"; \tmso-tstyle-rowband-size:0; \tmso-tstyle-colband-size:0; \tmso-style-noshow:yes; \tmso-style-parent:\"\"; \tmso-padding-alt:0cm 5.4pt 0cm 5.4pt; \tmso-para-margin:0cm; \tmso-para-margin-bottom:.0001pt; \tmso-pagination:widow-orphan; \tfont-size:10.0pt; \tfont-family:\"Times New Roman\"; \tmso-ansi-language:#0400; \tmso-fareast-language:#0400; \tmso-bidi-language:#0400;} <\/style>\n\n <![endif]--> <\/p>\n<p><span style=\"font-size: 12pt; font-family: &quot;Times New Roman&quot;;\">Son g\u00fcnlerde g\u00fcndeme oturan<\/span><strong><span style=\"font-size: 11.5pt; font-family: Arial;\"> &ldquo;Demokratik \u00d6zerk K\u00fcrdistan&rdquo;<\/span><\/strong><span style=\"font-size: 12pt; font-family: &quot;Times New Roman&quot;;\"> modeli hakk\u0131nda \u00f6nemli a\u00e7\u0131klamalar yapan Ba\u015fak<\/span><strong><span style=\"font-size: 11.5pt; font-family: Arial;\">, &ldquo;T\u00fcrkiye&rsquo;nin ayr\u0131\u015fmas\u0131 veya b\u00f6l\u00fcnmesi diye bir \u015fey s\u00f6z konusu olamaz, zaten b\u00f6lge halk\u0131 da bunu istemiyor&hellip; Halk\u0131n oradaki en b\u00fcy\u00fck sorunu i\u015fsizliktir&hellip; Tabi, burada ter\u00f6r \u00f6rg\u00fct\u00fcne \u00fcye olanlarla orada ya\u015fayan vatanda\u015flar\u0131m\u0131z\u0131 ayr\u0131 d\u00fc\u015f\u00fcnmek zorunday\u0131z&hellip; B\u00f6lgede ya\u015fayan halk\u0131m\u0131z 12 Eyl\u00fcl&rsquo;de yap\u0131lan referandumda bu ger\u00e7e\u011fi bir kez daha teyit etmi\u015ftir&rdquo; <\/span><\/strong><span style=\"font-size: 12pt; font-family: &quot;Times New Roman&quot;;\">dedi. Ba\u015fak, b\u00f6lgede oynanan oyunlar\u0131n bin y\u0131ll\u0131k karde\u015fli\u011fi bozmak ve T\u00fcrkiye&rsquo;nin demokratikle\u015fme \u00e7abalar\u0131n\u0131 sekteye u\u011fratmak isteyen odaklar taraf\u0131ndan d\u00fczenlendi\u011fini \u00f6ne s\u00fcrd\u00fc.<\/p>\n<p> Her y\u0131l\u0131n belli d\u00f6nemlerinde Ermeni lobileri taraf\u0131ndan tetiklenen ve ABD Temsilciler Meclisi&rsquo;nde g\u00f6r\u00fc\u015f\u00fclen <\/span><strong><span style=\"font-size: 11.5pt; font-family: Arial;\">&ldquo;S\u00f6zde Ermeni soyk\u0131r\u0131m\u0131&rdquo;<\/span><\/strong><span style=\"font-size: 12pt; font-family: &quot;Times New Roman&quot;;\"> iddialar\u0131na da a\u00e7\u0131kl\u0131k getiren AK Parti \u015eanl\u0131urfa Milletvekili Ramazan Ba\u015fak, T\u00fcrkiye&rsquo;nin art\u0131k vizyonunu geni\u015fletti\u011fini ve kal\u0131plar\u0131n\u0131 k\u0131rd\u0131\u011f\u0131n\u0131 s\u00f6yledi. Ba\u015fbakan Recep Tayyip Erdo\u011fan&rsquo;\u0131n<\/span><strong><span style=\"font-size: 11.5pt; font-family: Arial;\"> &ldquo;Tarihi tarih\u00e7ilerimize b\u0131rakal\u0131m, bu olay\u0131 Ermeni ve T\u00fcrk tarih\u00e7iler birlikte incelesin&rdquo; <\/span><\/strong><span style=\"font-size: 12pt; font-family: &quot;Times New Roman&quot;;\">a\u00e7\u0131klamas\u0131n\u0131 da hat\u0131rlatan Ba\u015fak,<\/span><strong><span style=\"font-size: 11.5pt; font-family: Arial;\"> &ldquo;T\u00fcrkiye, S\u00f6zde Ermeni Soyk\u0131r\u0131m iddialar\u0131n\u0131n ABD Temsilciler Meclisi&rsquo;nde g\u00f6r\u00fc\u015f\u00fclmesini engelleyerek b\u00fcy\u00fck bir diplomatik ba\u015far\u0131ya imza atm\u0131\u015ft\u0131r. Bu T\u00fcrkiye&rsquo;nin b\u00f6lgesinin yan\u0131nda d\u00fcnya politikas\u0131nda da etkin rol oynamaya ba\u015flad\u0131\u011f\u0131n\u0131n g\u00f6stergesidir&rdquo;<\/span><\/strong><span style=\"font-size: 12pt; font-family: &quot;Times New Roman&quot;;\">dedi.<\/span><\/p>\n","protected":false},"excerpt":{"rendered":"<p>T\u00fcrkiye&#8217;nin geli\u015fmesini istemeyen odaklar var AK Parti Milletvekili Ramazan Ba\u015fak, beyazgazete.com&#8217;a g\u00fcndeme ili\u015fkin \u00f6nemli de\u011ferlendirmelerde bulundu. B\u00d6L\u00dcNME S\u00d6Z KONUSU OLAMAZ Son g\u00fcnlerde g\u00fcndeme oturan &ldquo;Demokratik \u00d6zerk K\u00fcrdistan&rdquo; modeli hakk\u0131nda \u00f6nemli a\u00e7\u0131klamalar yapan Ba\u015fak, &ldquo;T\u00fcrkiye&rsquo;nin ayr\u0131\u015fmas\u0131 veya b\u00f6l\u00fcnmesi diye bir \u015fey s\u00f6z konusu olamaz, zaten b\u00f6lge halk\u0131 da bunu istemiyor&hellip; Halk\u0131n oradaki en b\u00fcy\u00fck sorunu i\u015fsizliktir&hellip; &hellip;<\/p>\n","protected":false},"author":2,"featured_media":427,"comment_status":"open","ping_status":"open","sticky":false,"template":"","format":"standard","meta":{"footnotes":""},"categories":[8],"tags":[],"class_list":["post-429","post","type-post","status-publish","format-standard","has-post-thumbnail","hentry","category-haberler-haberler"],"_links":{"self":[{"href":"https:\/\/www.ramazanbasak.com.tr\/index.php?rest_route=\/wp\/v2\/posts\/429","targetHints":{"allow":["GET"]}}],"collection":[{"href":"https:\/\/www.ramazanbasak.com.tr\/index.php?rest_route=\/wp\/v2\/posts"}],"about":[{"href":"https:\/\/www.ramazanbasak.com.tr\/index.php?rest_route=\/wp\/v2\/types\/post"}],"author":[{"embeddable":true,"href":"https:\/\/www.ramazanbasak.com.tr\/index.php?rest_route=\/wp\/v2\/users\/2"}],"replies":[{"embeddable":true,"href":"https:\/\/www.ramazanbasak.com.tr\/index.php?rest_route=%2Fwp%2Fv2%2Fcomments&post=429"}],"version-history":[{"count":0,"href":"https:\/\/www.ramazanbasak.com.tr\/index.php?rest_route=\/wp\/v2\/posts\/429\/revisions"}],"wp:featuredmedia":[{"embeddable":true,"href":"https:\/\/www.ramazanbasak.com.tr\/index.php?rest_route=\/wp\/v2\/media\/427"}],"wp:attachment":[{"href":"https:\/\/www.ramazanbasak.com.tr\/index.php?rest_route=%2Fwp%2Fv2%2Fmedia&parent=429"}],"wp:term":[{"taxonomy":"category","embeddable":true,"href":"https:\/\/www.ramazanbasak.com.tr\/index.php?rest_route=%2Fwp%2Fv2%2Fcategories&post=429"},{"taxonomy":"post_tag","embeddable":true,"href":"https:\/\/www.ramazanbasak.com.tr\/index.php?rest_route=%2Fwp%2Fv2%2Ftags&post=429"}],"curies":[{"name":"wp","href":"https:\/\/api.w.org\/{rel}","templated":true}]}}