{"id":438,"date":"2011-01-12T09:14:19","date_gmt":"2011-01-12T06:14:19","guid":{"rendered":"https:\/\/www.ramazanbasak.com.tr\/basak-hepimiz-kardesiz"},"modified":"2011-01-12T09:14:19","modified_gmt":"2011-01-12T06:14:19","slug":"basak-hepimiz-kardesiz","status":"publish","type":"post","link":"https:\/\/www.ramazanbasak.com.tr\/?p=438","title":{"rendered":"Ba\u015fak &#8216;Hepimiz Karde\u015fiz&#8217;"},"content":{"rendered":"<p><img loading=\"lazy\" decoding=\"async\" class=\" alignleft size-full wp-image-437\" align=\"left\" width=\"200\" height=\"299\" alt=\"\" src=\"https:\/\/www.ramazanbasak.com.tr\/wp-content\/uploads\/2011\/01\/dsc_1703-1.jpg\" srcset=\"https:\/\/www.ramazanbasak.com.tr\/wp-content\/uploads\/2011\/01\/dsc_1703-1.jpg 536w, https:\/\/www.ramazanbasak.com.tr\/wp-content\/uploads\/2011\/01\/dsc_1703-1-201x300.jpg 201w\" sizes=\"auto, (max-width: 200px) 100vw, 200px\" \/><\/p>\n<p><strong>Birecik&#8217;te d\u00fczenlenen bar\u0131\u015f yeme\u011fine kat\u0131lan Ak Parti \u015eanl\u0131urfa Milletvekili Ramazan Ba\u015fak anlaml\u0131 mesajlar verdi. <!--more-->  <\/strong><\/p>\n<p>&nbsp;<\/p>\n<div>\u015eanl\u0131urfa&rsquo;n\u0131n Birecik il\u00e7esinde daha \u00f6nceden aralar\u0131nda husumet bulunan iki aile ketiken a\u015firetinin \u00f6nde gelen ismi Mahmut balta ve o\u011fullar\u0131n\u0131n verdi\u011fi bar\u0131\u015f yeme\u011fiyle el s\u0131k\u0131\u015farak bar\u0131\u015ft\u0131lar.16.10.2010 tarihinde meydana gelen olayda \u0130hsan k\u0131l\u0131\u00e7 isimli vatanda\u015f hayat\u0131n\u0131 kaybetmi\u015fti.<\/div>\n<div>&nbsp;<\/div>\n<div>Olay sonras\u0131nda k\u0131l\u0131\u00e7 ailesi ve \u015fahin ailesi aras\u0131nda husumet ba\u015flamas\u0131 \u00fczerine devreye giren aile b\u00fcy\u00fckleri Mahmut balta ve o\u011fullar\u0131n\u0131n Mirkelam tesislerinde verdikleri yemekle iki aile aras\u0131ndaki husumete noktay\u0131 koydular.verilen bar\u0131\u015f yeme\u011fine ak parti millet vekili ramazan ba\u015fak il\u00e7e kaymakam\u0131 Oktay Erdo\u011fan Karkam\u0131\u015f kaymakam\u0131 Ferhat sinano\u011flu Birecik il\u00e7e jandarma komutan\u0131 dursun \u00e7ift\u00e7i Nizip il\u00e7e jandarma komutan\u0131 y\u00fczba\u015f\u0131 \u00e7a\u011fr\u0131 demir\u00f6z il\u00e7e m\u00fcft\u00fcs\u00fc Mekki Solmaz&nbsp;ile &nbsp;\u00e7ok say\u0131da davetli kat\u0131ld\u0131.yakla\u015f\u0131k 3000 ki\u015finin kat\u0131ld\u0131\u011f\u0131 bar\u0131\u015f&nbsp;yeme\u011finde konu\u015fma yapan il\u00e7e kaymakam\u0131 Oktay Erdo\u011fan yeni bir y\u0131la bar\u0131\u015fla girdiklerini belirterek kendisinin g\u00f6reve ba\u015flamas\u0131 itibariyle 3 defa bar\u0131\u015f yeme\u011fine kat\u0131ld\u0131\u011f\u0131n\u0131 s\u00f6yledi.Ak Parti \u015eanl\u0131urfa Milletvekili Ramazan Ba\u015fak, ise konu\u015fmas\u0131nda K\u0131l\u0131\u00e7 ve \u015eahin aras\u0131ndaki yanl\u0131\u015f anla\u015f\u0131lman\u0131n ortadan katl\u0131\u011f\u0131n\u0131 belirtirken&rsquo; \u0130slam Dininin bar\u0131\u015f\u0131 emretti\u011fini biliyoruz,Kan davas\u0131 g\u00fctmek \u0130slam\u0131n kurulu\u015fu ile son bulmu\u015ftur.art\u0131k b\u00f6lgemizde kan daval\u0131 taraflar\u0131 g\u00f6rmek istemiyoruz, iki ailenin bar\u0131\u015fmas\u0131 bizleri mutlu etmi\u015ftir, eme\u011fi ge\u00e7en ki\u015filere te\u015fekk\u00fcr ediyorum \u0130kram edilen yemeklerin &nbsp;ard\u0131ndan iki aileden Baba Yusuf K\u0131l\u0131\u00e7 ile Mehmet \u015eahin el s\u0131k\u0131\u015farak bar\u0131\u015ft\u0131lar.<\/div>\n","protected":false},"excerpt":{"rendered":"<p>Birecik&#8217;te d\u00fczenlenen bar\u0131\u015f yeme\u011fine kat\u0131lan Ak Parti \u015eanl\u0131urfa Milletvekili Ramazan Ba\u015fak anlaml\u0131 mesajlar verdi. &nbsp; \u015eanl\u0131urfa&rsquo;n\u0131n Birecik il\u00e7esinde daha \u00f6nceden aralar\u0131nda husumet bulunan iki aile ketiken a\u015firetinin \u00f6nde gelen ismi Mahmut balta ve o\u011fullar\u0131n\u0131n verdi\u011fi bar\u0131\u015f yeme\u011fiyle el s\u0131k\u0131\u015farak bar\u0131\u015ft\u0131lar.16.10.2010 tarihinde meydana gelen olayda \u0130hsan k\u0131l\u0131\u00e7 isimli vatanda\u015f hayat\u0131n\u0131 kaybetmi\u015fti. &nbsp; Olay sonras\u0131nda k\u0131l\u0131\u00e7 ailesi &hellip;<\/p>\n","protected":false},"author":2,"featured_media":437,"comment_status":"open","ping_status":"open","sticky":false,"template":"","format":"standard","meta":{"footnotes":""},"categories":[8],"tags":[],"class_list":["post-438","post","type-post","status-publish","format-standard","has-post-thumbnail","hentry","category-haberler-haberler"],"_links":{"self":[{"href":"https:\/\/www.ramazanbasak.com.tr\/index.php?rest_route=\/wp\/v2\/posts\/438","targetHints":{"allow":["GET"]}}],"collection":[{"href":"https:\/\/www.ramazanbasak.com.tr\/index.php?rest_route=\/wp\/v2\/posts"}],"about":[{"href":"https:\/\/www.ramazanbasak.com.tr\/index.php?rest_route=\/wp\/v2\/types\/post"}],"author":[{"embeddable":true,"href":"https:\/\/www.ramazanbasak.com.tr\/index.php?rest_route=\/wp\/v2\/users\/2"}],"replies":[{"embeddable":true,"href":"https:\/\/www.ramazanbasak.com.tr\/index.php?rest_route=%2Fwp%2Fv2%2Fcomments&post=438"}],"version-history":[{"count":0,"href":"https:\/\/www.ramazanbasak.com.tr\/index.php?rest_route=\/wp\/v2\/posts\/438\/revisions"}],"wp:featuredmedia":[{"embeddable":true,"href":"https:\/\/www.ramazanbasak.com.tr\/index.php?rest_route=\/wp\/v2\/media\/437"}],"wp:attachment":[{"href":"https:\/\/www.ramazanbasak.com.tr\/index.php?rest_route=%2Fwp%2Fv2%2Fmedia&parent=438"}],"wp:term":[{"taxonomy":"category","embeddable":true,"href":"https:\/\/www.ramazanbasak.com.tr\/index.php?rest_route=%2Fwp%2Fv2%2Fcategories&post=438"},{"taxonomy":"post_tag","embeddable":true,"href":"https:\/\/www.ramazanbasak.com.tr\/index.php?rest_route=%2Fwp%2Fv2%2Ftags&post=438"}],"curies":[{"name":"wp","href":"https:\/\/api.w.org\/{rel}","templated":true}]}}