{"id":446,"date":"2011-02-07T08:04:44","date_gmt":"2011-02-07T05:04:44","guid":{"rendered":"https:\/\/www.ramazanbasak.com.tr\/basak-dibek-haddini-bilecek"},"modified":"2011-02-07T08:04:44","modified_gmt":"2011-02-07T05:04:44","slug":"basak-dibek-haddini-bilecek","status":"publish","type":"post","link":"https:\/\/www.ramazanbasak.com.tr\/?p=446","title":{"rendered":"Ba\u015fak &#8216;Dibek Haddini Bilecek&#8217;"},"content":{"rendered":"<p><img loading=\"lazy\" decoding=\"async\" class=\" alignleft size-full wp-image-445\" align=\"left\" width=\"200\" height=\"134\" alt=\"\" src=\"https:\/\/www.ramazanbasak.com.tr\/wp-content\/uploads\/2011\/02\/_hhg9258.jpg\" srcset=\"https:\/\/www.ramazanbasak.com.tr\/wp-content\/uploads\/2011\/02\/_hhg9258.jpg 800w, https:\/\/www.ramazanbasak.com.tr\/wp-content\/uploads\/2011\/02\/_hhg9258-300x200.jpg 300w, https:\/\/www.ramazanbasak.com.tr\/wp-content\/uploads\/2011\/02\/_hhg9258-768x513.jpg 768w\" sizes=\"auto, (max-width: 200px) 100vw, 200px\" \/><strong>CHP&#8217;li Dibek&#8217;e a\u011f\u0131r ele\u015ftiri geldi. Ba\u015fak &quot;CHP Lideri ve Vekilleri iftira atmay\u0131 b\u0131rakmal\u0131lar&quot; dedi.  <!--more-->  <\/strong><\/p>\n<p><strong> <\/p>\n<p>\u015eanl\u0131urfa&#8217;da bulunan CHP Parti Meclis \u00fcyesi ve K\u0131rklareli Milletvekili Turgut Dibek, h\u00fck\u00fcmeti ele\u015ftirdi\u011fi toplant\u0131da&nbsp; Ba\u015fbakan&nbsp;&nbsp;Erdo\u011fan i\u00e7in Kravatl\u0131 Taliban benzetmesini yapmas\u0131 tepkilere yol a\u00e7t\u0131.<\/p>\n<p> Ak Parti \u015eanl\u0131urfa Milletvekili Ramazan Ba\u015fak, CHP&#8217; lideri Kemal K\u0131l\u0131\u00e7daro\u011flu gibi, CHP&#8217;li Vekillerde iftira atmay\u0131&nbsp; meslek edindiklerini ileri s\u00fcrd\u00fc.&nbsp; CHP K\u0131rklareli Milletvekili Tugut Dibek&#8217;in \u015eanl\u0131urfa &#8216;da yapt\u0131\u011f\u0131 bir a\u00e7\u0131klamas\u0131nda,&#8217; Erdo\u011fan, Kravatl\u0131 Taliban&#8217;d\u0131r&#8217; a\u00e7\u0131klamas\u0131 \u00fczerine sert ele\u015ftirilere maruz kald\u0131. Bug\u00fcn Turgut Dibek&#8217;e a\u011f\u0131r ele\u015ftiride bulunan Ba\u015fak&#8217; herkes haddini bilecek, iftira atmak, yalan s\u00f6ylemekle bir yere var\u0131lmaz, medyaya malzeme olmak ve&nbsp; g\u00fcndeme gelmek i\u00e7in Ba\u015fbakan\u0131m\u0131z Erdo\u011fan hakk\u0131nda ahlaka uymayan a\u00e7\u0131klama yapmas\u0131 terbiyesizliktir,&nbsp; Dibek ve onun gibi d\u00fc\u015f\u00fcnenleri d\u00fcr\u00fcst siyasete davet ediyorum&#8217;dedi<br \/> &nbsp;<\/p>\n<p> <\/strong><\/p>\n","protected":false},"excerpt":{"rendered":"<p>CHP&#8217;li Dibek&#8217;e a\u011f\u0131r ele\u015ftiri geldi. Ba\u015fak &quot;CHP Lideri ve Vekilleri iftira atmay\u0131 b\u0131rakmal\u0131lar&quot; dedi. \u015eanl\u0131urfa&#8217;da bulunan CHP Parti Meclis \u00fcyesi ve K\u0131rklareli Milletvekili Turgut Dibek, h\u00fck\u00fcmeti ele\u015ftirdi\u011fi toplant\u0131da&nbsp; Ba\u015fbakan&nbsp;&nbsp;Erdo\u011fan i\u00e7in Kravatl\u0131 Taliban benzetmesini yapmas\u0131 tepkilere yol a\u00e7t\u0131. Ak Parti \u015eanl\u0131urfa Milletvekili Ramazan Ba\u015fak, CHP&#8217; lideri Kemal K\u0131l\u0131\u00e7daro\u011flu gibi, CHP&#8217;li Vekillerde iftira atmay\u0131&nbsp; meslek edindiklerini ileri &hellip;<\/p>\n","protected":false},"author":2,"featured_media":445,"comment_status":"open","ping_status":"open","sticky":false,"template":"","format":"standard","meta":{"footnotes":""},"categories":[8],"tags":[],"class_list":["post-446","post","type-post","status-publish","format-standard","has-post-thumbnail","hentry","category-haberler-haberler"],"_links":{"self":[{"href":"https:\/\/www.ramazanbasak.com.tr\/index.php?rest_route=\/wp\/v2\/posts\/446","targetHints":{"allow":["GET"]}}],"collection":[{"href":"https:\/\/www.ramazanbasak.com.tr\/index.php?rest_route=\/wp\/v2\/posts"}],"about":[{"href":"https:\/\/www.ramazanbasak.com.tr\/index.php?rest_route=\/wp\/v2\/types\/post"}],"author":[{"embeddable":true,"href":"https:\/\/www.ramazanbasak.com.tr\/index.php?rest_route=\/wp\/v2\/users\/2"}],"replies":[{"embeddable":true,"href":"https:\/\/www.ramazanbasak.com.tr\/index.php?rest_route=%2Fwp%2Fv2%2Fcomments&post=446"}],"version-history":[{"count":0,"href":"https:\/\/www.ramazanbasak.com.tr\/index.php?rest_route=\/wp\/v2\/posts\/446\/revisions"}],"wp:featuredmedia":[{"embeddable":true,"href":"https:\/\/www.ramazanbasak.com.tr\/index.php?rest_route=\/wp\/v2\/media\/445"}],"wp:attachment":[{"href":"https:\/\/www.ramazanbasak.com.tr\/index.php?rest_route=%2Fwp%2Fv2%2Fmedia&parent=446"}],"wp:term":[{"taxonomy":"category","embeddable":true,"href":"https:\/\/www.ramazanbasak.com.tr\/index.php?rest_route=%2Fwp%2Fv2%2Fcategories&post=446"},{"taxonomy":"post_tag","embeddable":true,"href":"https:\/\/www.ramazanbasak.com.tr\/index.php?rest_route=%2Fwp%2Fv2%2Ftags&post=446"}],"curies":[{"name":"wp","href":"https:\/\/api.w.org\/{rel}","templated":true}]}}