{"id":447,"date":"2011-02-07T08:10:49","date_gmt":"2011-02-07T05:10:49","guid":{"rendered":"https:\/\/www.ramazanbasak.com.tr\/yilin-milletvekili-basak-secildi"},"modified":"2011-02-07T08:10:49","modified_gmt":"2011-02-07T05:10:49","slug":"yilin-milletvekili-basak-secildi","status":"publish","type":"post","link":"https:\/\/www.ramazanbasak.com.tr\/?p=447","title":{"rendered":"Y\u0131l\u0131n Milletvekili Ba\u015fak Se\u00e7ildi"},"content":{"rendered":"<p><img loading=\"lazy\" decoding=\"async\" class=\" alignleft size-full wp-image-65\" align=\"left\" width=\"200\" height=\"200\" alt=\"\" src=\"https:\/\/www.ramazanbasak.com.tr\/wp-content\/uploads\/2008\/06\/2.jpg\" \/><\/p>\n<p><strong>Meclis haber dergisinin bu y\u0131lki y\u0131l\u0131n milletvekili \u00f6d\u00fcl\u00fc \u015eanl\u0131urfa Milletvekili Ramazan Ba\u015fak&#8217;a lay\u0131k g\u00f6r\u00fcld\u00fc.  <!--more-->  <\/strong><\/p>\n<p><strong> <\/p>\n<p>T\u00fcrkiye B\u00fcy\u00fck Millet Meclisi haber dergisi olan &#8216;meclis haber&#8217; dergisine gelen elektronik posta mail ve mektup yoluyla d\u00fczenlenen y\u0131l\u0131n milletvekili anket sonu\u00e7lar\u0131 y\u0131l\u0131n milletvekili \u00f6d\u00fcl\u00fcne Ak Parti \u015eanl\u0131urfa Milletvekili Ramazan Ba\u015fak lay\u0131k g\u00f6r\u00fcld\u00fc.<\/p>\n<p> Ge\u00e7ti\u011fimiz y\u0131llarda ise Ramazan Ba\u015fak&#8217;\u0131n medyadan ald\u0131\u011f\u0131 \u00f6d\u00fcllerin profili \u015fu \u015fekildeydi: &nbsp;<\/p>\n<p> 2008 y\u0131l\u0131nda Avrasya \u00d6d\u00fcl\u00fc,<\/p>\n<p> 2009 y\u0131l\u0131nda&nbsp;Time Dergisi y\u0131l\u0131n ba\u015far\u0131l\u0131 milletvekili \u00f6d\u00fcl\u00fc,&nbsp;<\/p>\n<p> 2009 y\u0131l\u0131 i\u00e7erisinde T\u00fcrkiye Gen\u00e7 \u0130\u015fadamlar\u0131 Derne\u011fi taraf\u0131ndan d\u00fczenlenen&nbsp;y\u0131l\u0131n milletvekili \u00f6d\u00fcl\u00fc<\/p>\n<p> 2010 y\u0131l\u0131nda Meclis Dergisi&#8217;nin d\u00fczenledi\u011fi y\u0131l\u0131n milletvekili \u00f6d\u00fcl\u00fc Ak Parti \u015eanl\u0131urfa Milletvekili Ramazan Ba\u015fak&#8217;\u0131n oldu.<\/p>\n<p> <\/strong><\/p>\n","protected":false},"excerpt":{"rendered":"<p>Meclis haber dergisinin bu y\u0131lki y\u0131l\u0131n milletvekili \u00f6d\u00fcl\u00fc \u015eanl\u0131urfa Milletvekili Ramazan Ba\u015fak&#8217;a lay\u0131k g\u00f6r\u00fcld\u00fc. T\u00fcrkiye B\u00fcy\u00fck Millet Meclisi haber dergisi olan &#8216;meclis haber&#8217; dergisine gelen elektronik posta mail ve mektup yoluyla d\u00fczenlenen y\u0131l\u0131n milletvekili anket sonu\u00e7lar\u0131 y\u0131l\u0131n milletvekili \u00f6d\u00fcl\u00fcne Ak Parti \u015eanl\u0131urfa Milletvekili Ramazan Ba\u015fak lay\u0131k g\u00f6r\u00fcld\u00fc. Ge\u00e7ti\u011fimiz y\u0131llarda ise Ramazan Ba\u015fak&#8217;\u0131n medyadan ald\u0131\u011f\u0131 \u00f6d\u00fcllerin &hellip;<\/p>\n","protected":false},"author":2,"featured_media":65,"comment_status":"open","ping_status":"open","sticky":false,"template":"","format":"standard","meta":{"footnotes":""},"categories":[8],"tags":[],"class_list":["post-447","post","type-post","status-publish","format-standard","has-post-thumbnail","hentry","category-haberler-haberler"],"_links":{"self":[{"href":"https:\/\/www.ramazanbasak.com.tr\/index.php?rest_route=\/wp\/v2\/posts\/447","targetHints":{"allow":["GET"]}}],"collection":[{"href":"https:\/\/www.ramazanbasak.com.tr\/index.php?rest_route=\/wp\/v2\/posts"}],"about":[{"href":"https:\/\/www.ramazanbasak.com.tr\/index.php?rest_route=\/wp\/v2\/types\/post"}],"author":[{"embeddable":true,"href":"https:\/\/www.ramazanbasak.com.tr\/index.php?rest_route=\/wp\/v2\/users\/2"}],"replies":[{"embeddable":true,"href":"https:\/\/www.ramazanbasak.com.tr\/index.php?rest_route=%2Fwp%2Fv2%2Fcomments&post=447"}],"version-history":[{"count":0,"href":"https:\/\/www.ramazanbasak.com.tr\/index.php?rest_route=\/wp\/v2\/posts\/447\/revisions"}],"wp:featuredmedia":[{"embeddable":true,"href":"https:\/\/www.ramazanbasak.com.tr\/index.php?rest_route=\/wp\/v2\/media\/65"}],"wp:attachment":[{"href":"https:\/\/www.ramazanbasak.com.tr\/index.php?rest_route=%2Fwp%2Fv2%2Fmedia&parent=447"}],"wp:term":[{"taxonomy":"category","embeddable":true,"href":"https:\/\/www.ramazanbasak.com.tr\/index.php?rest_route=%2Fwp%2Fv2%2Fcategories&post=447"},{"taxonomy":"post_tag","embeddable":true,"href":"https:\/\/www.ramazanbasak.com.tr\/index.php?rest_route=%2Fwp%2Fv2%2Ftags&post=447"}],"curies":[{"name":"wp","href":"https:\/\/api.w.org\/{rel}","templated":true}]}}