{"id":449,"date":"2011-02-07T08:13:42","date_gmt":"2011-02-07T05:13:42","guid":{"rendered":"https:\/\/www.ramazanbasak.com.tr\/basak-hastalarla-beraber"},"modified":"2011-02-07T08:13:42","modified_gmt":"2011-02-07T05:13:42","slug":"basak-hastalarla-beraber","status":"publish","type":"post","link":"https:\/\/www.ramazanbasak.com.tr\/?p=449","title":{"rendered":"Ba\u015fak Hastalarla Beraber"},"content":{"rendered":"<p><img loading=\"lazy\" decoding=\"async\" class=\" alignleft size-full wp-image-448\" align=\"left\" width=\"200\" height=\"138\" alt=\"\" src=\"https:\/\/www.ramazanbasak.com.tr\/wp-content\/uploads\/2011\/02\/hastanearalik2010.bmp\" \/><\/p>\n<p><strong>Ak Parti \u015eanl\u0131urfa Milletvekili Ramazan Ba\u015fak hastalar\u0131 yaln\u0131z b\u0131rakmad\u0131. <!--more-->  <\/strong><\/p>\n<p>&nbsp;<\/p>\n<div>Ak Parti \u015eanl\u0131urfa Milletvekili Ramazan Ba\u015fak, hastalar\u0131 yaln\u0131z b\u0131rakm\u0131yor.<\/div>\n<div>&nbsp;<\/div>\n<div>Ak Parti \u015eanl\u0131urfa Milletvekili Ramazan Ba\u015fak meclis \u00e7al\u0131\u015fmalar\u0131n\u0131n ard\u0131ndan memleketi \u015eanl\u0131urfa&rsquo;ya gelerek vatanda\u015flarla birlikte olup hastaneleri gezerek hasta ve hasta yak\u0131nlar\u0131yla birlikte oluyor. &nbsp;\u015eanl\u0131urfa E\u011fitim ve Ara\u015ft\u0131rma hastanesine ve Ortado\u011fu Sa\u011fl\u0131k Merkezine (OSM) giden Ak Parti \u015eanl\u0131urfa Milletvekili Ramazan Ba\u015fak hastalar\u0131 tek tek ziyaret ederek sorunlar\u0131n\u0131 dinleyerek ge\u00e7mi\u015f olsun dileklerinde bulundu. Daha sonra Ba\u015fhekim Dr. Ahmet \u00c7ak\u0131r&rsquo;la bir araya gelen Ba\u015fak hastanedeki \u00e7al\u0131\u015fmalar hakk\u0131nda bilgi ald\u0131.<\/div>\n","protected":false},"excerpt":{"rendered":"<p>Ak Parti \u015eanl\u0131urfa Milletvekili Ramazan Ba\u015fak hastalar\u0131 yaln\u0131z b\u0131rakmad\u0131. &nbsp; Ak Parti \u015eanl\u0131urfa Milletvekili Ramazan Ba\u015fak, hastalar\u0131 yaln\u0131z b\u0131rakm\u0131yor. &nbsp; Ak Parti \u015eanl\u0131urfa Milletvekili Ramazan Ba\u015fak meclis \u00e7al\u0131\u015fmalar\u0131n\u0131n ard\u0131ndan memleketi \u015eanl\u0131urfa&rsquo;ya gelerek vatanda\u015flarla birlikte olup hastaneleri gezerek hasta ve hasta yak\u0131nlar\u0131yla birlikte oluyor. &nbsp;\u015eanl\u0131urfa E\u011fitim ve Ara\u015ft\u0131rma hastanesine ve Ortado\u011fu Sa\u011fl\u0131k Merkezine (OSM) giden Ak &hellip;<\/p>\n","protected":false},"author":2,"featured_media":448,"comment_status":"open","ping_status":"open","sticky":false,"template":"","format":"standard","meta":{"footnotes":""},"categories":[8],"tags":[],"class_list":["post-449","post","type-post","status-publish","format-standard","has-post-thumbnail","hentry","category-haberler-haberler"],"_links":{"self":[{"href":"https:\/\/www.ramazanbasak.com.tr\/index.php?rest_route=\/wp\/v2\/posts\/449","targetHints":{"allow":["GET"]}}],"collection":[{"href":"https:\/\/www.ramazanbasak.com.tr\/index.php?rest_route=\/wp\/v2\/posts"}],"about":[{"href":"https:\/\/www.ramazanbasak.com.tr\/index.php?rest_route=\/wp\/v2\/types\/post"}],"author":[{"embeddable":true,"href":"https:\/\/www.ramazanbasak.com.tr\/index.php?rest_route=\/wp\/v2\/users\/2"}],"replies":[{"embeddable":true,"href":"https:\/\/www.ramazanbasak.com.tr\/index.php?rest_route=%2Fwp%2Fv2%2Fcomments&post=449"}],"version-history":[{"count":0,"href":"https:\/\/www.ramazanbasak.com.tr\/index.php?rest_route=\/wp\/v2\/posts\/449\/revisions"}],"wp:featuredmedia":[{"embeddable":true,"href":"https:\/\/www.ramazanbasak.com.tr\/index.php?rest_route=\/wp\/v2\/media\/448"}],"wp:attachment":[{"href":"https:\/\/www.ramazanbasak.com.tr\/index.php?rest_route=%2Fwp%2Fv2%2Fmedia&parent=449"}],"wp:term":[{"taxonomy":"category","embeddable":true,"href":"https:\/\/www.ramazanbasak.com.tr\/index.php?rest_route=%2Fwp%2Fv2%2Fcategories&post=449"},{"taxonomy":"post_tag","embeddable":true,"href":"https:\/\/www.ramazanbasak.com.tr\/index.php?rest_route=%2Fwp%2Fv2%2Ftags&post=449"}],"curies":[{"name":"wp","href":"https:\/\/api.w.org\/{rel}","templated":true}]}}