{"id":455,"date":"2011-02-22T15:01:04","date_gmt":"2011-02-22T12:01:04","guid":{"rendered":"https:\/\/www.ramazanbasak.com.tr\/basak-hep-birlikte-calisacagiz"},"modified":"2011-02-22T15:01:04","modified_gmt":"2011-02-22T12:01:04","slug":"basak-hep-birlikte-calisacagiz","status":"publish","type":"post","link":"https:\/\/www.ramazanbasak.com.tr\/?p=455","title":{"rendered":"Ba\u015fak &#8216;Hep Birlikte \u00c7al\u0131\u015faca\u011f\u0131z&#8217;"},"content":{"rendered":"<p><img loading=\"lazy\" decoding=\"async\" class=\" alignleft size-full wp-image-454\" align=\"left\" width=\"200\" height=\"150\" alt=\"\" src=\"https:\/\/www.ramazanbasak.com.tr\/wp-content\/uploads\/2011\/02\/ilbaskanitebrik2011.bmp\" \/><\/p>\n<p><strong>Ak Parti \u015eanl\u0131urfa Milletvekili Ramazan Ba\u015fak \u0130l Ba\u015fkan\u0131 Yusuf E\u011filmez&#8217;e tebrik ziyaretinde bulundu. <!--more-->  <\/strong><\/p>\n<p><strong> <\/p>\n<div>\n<p>D\u00fcn&nbsp;Ak Parti \u0130l te\u015fkilat\u0131na giden Ak Parti \u015eanl\u0131urfa Milletvekili Ramazan Ba\u015fak, istifa eden Avukat Ahmet D\u00fc\u015f\u00fcn\u00fcr&#8217;\u00fcn yerine,&nbsp;daha \u00f6nce il ba\u015fkan yard\u0131mc\u0131l\u0131\u011f\u0131n\u0131 yapan Yusuf E\u011filmez&#8217;in il ba\u015fkanl\u0131\u011f\u0131na se\u00e7ilmesi sonras\u0131 tebrik ziyaretinde bulundu.<\/p>\n<p>&nbsp;<\/p>\n<p>Milletvekili Ramazan Ba\u015fak ile bir grup partili Avukat Yusuf E\u011filmez&#8217;i tebrik ederek yeni&nbsp;g\u00f6revinde ba\u015far\u0131lar dilediler.<\/p>\n<p> <\/p>\n<p>\u0130l Ba\u015fkanl\u0131\u011f\u0131nda bir s\u00fcre kalan Ak Parti \u015eanl\u0131urfa Milletvekili Ramazan Ba\u015fak, il ba\u015fkanl\u0131\u011f\u0131 i\u00e7in g\u00f6reve getirilen Avukat Yusuf E\u011filmez&#8217;i tebrik ederim. Bu \u00f6n\u00fcm\u00fczde genel se\u00e7imler \u00f6ncesi her birlikte \u00e7al\u0131\u015faca\u011f\u0131z.&#8217; dedi.<\/p>\n<\/p><\/div>\n<p> <\/strong><\/p>\n","protected":false},"excerpt":{"rendered":"<p>Ak Parti \u015eanl\u0131urfa Milletvekili Ramazan Ba\u015fak \u0130l Ba\u015fkan\u0131 Yusuf E\u011filmez&#8217;e tebrik ziyaretinde bulundu. D\u00fcn&nbsp;Ak Parti \u0130l te\u015fkilat\u0131na giden Ak Parti \u015eanl\u0131urfa Milletvekili Ramazan Ba\u015fak, istifa eden Avukat Ahmet D\u00fc\u015f\u00fcn\u00fcr&#8217;\u00fcn yerine,&nbsp;daha \u00f6nce il ba\u015fkan yard\u0131mc\u0131l\u0131\u011f\u0131n\u0131 yapan Yusuf E\u011filmez&#8217;in il ba\u015fkanl\u0131\u011f\u0131na se\u00e7ilmesi sonras\u0131 tebrik ziyaretinde bulundu. &nbsp; Milletvekili Ramazan Ba\u015fak ile bir grup partili Avukat Yusuf E\u011filmez&#8217;i &hellip;<\/p>\n","protected":false},"author":2,"featured_media":454,"comment_status":"open","ping_status":"open","sticky":false,"template":"","format":"standard","meta":{"footnotes":""},"categories":[8],"tags":[],"class_list":["post-455","post","type-post","status-publish","format-standard","has-post-thumbnail","hentry","category-haberler-haberler"],"_links":{"self":[{"href":"https:\/\/www.ramazanbasak.com.tr\/index.php?rest_route=\/wp\/v2\/posts\/455","targetHints":{"allow":["GET"]}}],"collection":[{"href":"https:\/\/www.ramazanbasak.com.tr\/index.php?rest_route=\/wp\/v2\/posts"}],"about":[{"href":"https:\/\/www.ramazanbasak.com.tr\/index.php?rest_route=\/wp\/v2\/types\/post"}],"author":[{"embeddable":true,"href":"https:\/\/www.ramazanbasak.com.tr\/index.php?rest_route=\/wp\/v2\/users\/2"}],"replies":[{"embeddable":true,"href":"https:\/\/www.ramazanbasak.com.tr\/index.php?rest_route=%2Fwp%2Fv2%2Fcomments&post=455"}],"version-history":[{"count":0,"href":"https:\/\/www.ramazanbasak.com.tr\/index.php?rest_route=\/wp\/v2\/posts\/455\/revisions"}],"wp:featuredmedia":[{"embeddable":true,"href":"https:\/\/www.ramazanbasak.com.tr\/index.php?rest_route=\/wp\/v2\/media\/454"}],"wp:attachment":[{"href":"https:\/\/www.ramazanbasak.com.tr\/index.php?rest_route=%2Fwp%2Fv2%2Fmedia&parent=455"}],"wp:term":[{"taxonomy":"category","embeddable":true,"href":"https:\/\/www.ramazanbasak.com.tr\/index.php?rest_route=%2Fwp%2Fv2%2Fcategories&post=455"},{"taxonomy":"post_tag","embeddable":true,"href":"https:\/\/www.ramazanbasak.com.tr\/index.php?rest_route=%2Fwp%2Fv2%2Ftags&post=455"}],"curies":[{"name":"wp","href":"https:\/\/api.w.org\/{rel}","templated":true}]}}