{"id":457,"date":"2011-02-23T09:55:16","date_gmt":"2011-02-23T06:55:16","guid":{"rendered":"https:\/\/www.ramazanbasak.com.tr\/basak-gapla-issizlik-sona-erecek"},"modified":"2011-02-23T09:55:16","modified_gmt":"2011-02-23T06:55:16","slug":"basak-gapla-issizlik-sona-erecek","status":"publish","type":"post","link":"https:\/\/www.ramazanbasak.com.tr\/?p=457","title":{"rendered":"Ba\u015fak &#8216;GAP&#8217;la i\u015fsizlik Sona Erecek&#8217;"},"content":{"rendered":"<p><img loading=\"lazy\" decoding=\"async\" class=\" alignleft size-full wp-image-456\" align=\"left\" width=\"200\" height=\"160\" alt=\"\" src=\"https:\/\/www.ramazanbasak.com.tr\/wp-content\/uploads\/2011\/02\/2011mecliskonusma.bmp\" \/><\/p>\n<p><strong>Ak Parti \u015eanl\u0131urfa Milletvekili Ramazan Ba\u015fak, TBMM genel kurulunda \u015eanl\u0131urfa ve GAP&#8217;\u0131n gelece\u011fini konu\u015ftu. \u0130\u015fte Ba\u015fak&#8217;\u0131n Meclis&#8217;teki konu\u015fmas\u0131.  <!--more-->  <\/strong><\/p>\n<p><strong> <\/p>\n<p>T\u00fcrkiye B\u00fcy\u00fck Millet Meclisinde d\u00fcn g\u00fcndem d\u0131\u015f\u0131 konularda s\u00f6z alan Ak Parti \u015eanl\u0131urfa Milletvekili Ramazan Ba\u015fak, 2012 y\u0131l\u0131nda bitirilmesi beklenen&nbsp;g\u00fcneydo\u011fu anadolu b\u00f6lgesinde \u00e7al\u0131\u015fmalar\u0131 halen devam eden G\u00fcneydo\u011fu Anadolu Projesi (GAP)&#8217;\u0131 ele alarak, T\u00fcrkiyede i\u015fsizli\u011fin sona erece\u011fini belirterek 3 milyon 800 bin insan\u0131n istihdam sa\u011flayaca\u011f\u0131n\u0131 belirtti.<\/p>\n<p> <\/strong><\/p>\n","protected":false},"excerpt":{"rendered":"<p>Ak Parti \u015eanl\u0131urfa Milletvekili Ramazan Ba\u015fak, TBMM genel kurulunda \u015eanl\u0131urfa ve GAP&#8217;\u0131n gelece\u011fini konu\u015ftu. \u0130\u015fte Ba\u015fak&#8217;\u0131n Meclis&#8217;teki konu\u015fmas\u0131. T\u00fcrkiye B\u00fcy\u00fck Millet Meclisinde d\u00fcn g\u00fcndem d\u0131\u015f\u0131 konularda s\u00f6z alan Ak Parti \u015eanl\u0131urfa Milletvekili Ramazan Ba\u015fak, 2012 y\u0131l\u0131nda bitirilmesi beklenen&nbsp;g\u00fcneydo\u011fu anadolu b\u00f6lgesinde \u00e7al\u0131\u015fmalar\u0131 halen devam eden G\u00fcneydo\u011fu Anadolu Projesi (GAP)&#8217;\u0131 ele alarak, T\u00fcrkiyede i\u015fsizli\u011fin sona erece\u011fini belirterek &hellip;<\/p>\n","protected":false},"author":2,"featured_media":456,"comment_status":"open","ping_status":"open","sticky":false,"template":"","format":"standard","meta":{"footnotes":""},"categories":[8],"tags":[],"class_list":["post-457","post","type-post","status-publish","format-standard","has-post-thumbnail","hentry","category-haberler-haberler"],"_links":{"self":[{"href":"https:\/\/www.ramazanbasak.com.tr\/index.php?rest_route=\/wp\/v2\/posts\/457","targetHints":{"allow":["GET"]}}],"collection":[{"href":"https:\/\/www.ramazanbasak.com.tr\/index.php?rest_route=\/wp\/v2\/posts"}],"about":[{"href":"https:\/\/www.ramazanbasak.com.tr\/index.php?rest_route=\/wp\/v2\/types\/post"}],"author":[{"embeddable":true,"href":"https:\/\/www.ramazanbasak.com.tr\/index.php?rest_route=\/wp\/v2\/users\/2"}],"replies":[{"embeddable":true,"href":"https:\/\/www.ramazanbasak.com.tr\/index.php?rest_route=%2Fwp%2Fv2%2Fcomments&post=457"}],"version-history":[{"count":0,"href":"https:\/\/www.ramazanbasak.com.tr\/index.php?rest_route=\/wp\/v2\/posts\/457\/revisions"}],"wp:featuredmedia":[{"embeddable":true,"href":"https:\/\/www.ramazanbasak.com.tr\/index.php?rest_route=\/wp\/v2\/media\/456"}],"wp:attachment":[{"href":"https:\/\/www.ramazanbasak.com.tr\/index.php?rest_route=%2Fwp%2Fv2%2Fmedia&parent=457"}],"wp:term":[{"taxonomy":"category","embeddable":true,"href":"https:\/\/www.ramazanbasak.com.tr\/index.php?rest_route=%2Fwp%2Fv2%2Fcategories&post=457"},{"taxonomy":"post_tag","embeddable":true,"href":"https:\/\/www.ramazanbasak.com.tr\/index.php?rest_route=%2Fwp%2Fv2%2Ftags&post=457"}],"curies":[{"name":"wp","href":"https:\/\/api.w.org\/{rel}","templated":true}]}}