{"id":459,"date":"2011-03-01T22:00:00","date_gmt":"2011-03-01T19:00:00","guid":{"rendered":"https:\/\/www.ramazanbasak.com.tr\/basak-28-subati-lanetliyor-erbakan%e2%80%99a-rahmet-diliyorum"},"modified":"2011-03-01T22:00:00","modified_gmt":"2011-03-01T19:00:00","slug":"basak-28-subati-lanetliyor-erbakan%e2%80%99a-rahmet-diliyorum","status":"publish","type":"post","link":"https:\/\/www.ramazanbasak.com.tr\/?p=459","title":{"rendered":"Ba\u015fak 28 \u015eubat\u0131 Lanetliyor, Erbakan\u2019a Rahmet Diliyorum"},"content":{"rendered":"<p><img loading=\"lazy\" decoding=\"async\" class=\" alignleft size-full wp-image-458\" align=\"left\" width=\"200\" height=\"138\" alt=\"\" src=\"https:\/\/www.ramazanbasak.com.tr\/wp-content\/uploads\/2011\/03\/basak28subat.bmp\" \/><\/p>\n<p><strong>D\u00fcn Ak\u015fam Kanal Urfa&rsquo;ya telefon ba\u011flant\u0131s\u0131yla kat\u0131lan Ak Parti \u015eanl\u0131urfa Milletvekili Ramazan Ba\u015fak \u00f6nemli a\u00e7\u0131klamalarda bulundu.  <!--more-->  <\/strong><\/p>\n<p>&nbsp;<\/p>\n<div>Kanal Urfa 17:30 ana haberlerine&nbsp;\u0130stanbul&#8217;dan telefon ba\u011flant\u0131s\u0131yla ba\u011flanarak, 28 \u015eubat 1997 y\u0131l\u0131nda postmodern askeri darbesin 14. Y\u0131l d\u00f6n\u00fcm\u00fc b\u00fcy\u00fck bir tesad\u00fcfe sahne oldu ve TSK, medya ve i\u015f d\u00fcnyas\u0131n\u0131n bask\u0131s\u0131yla iktidardan indirilen 54. H\u00fck\u00fcmet&rsquo;in Ba\u015fbakan\u0131 Prof. Dr. Necmettin Erbakan 27 \u015eubat&rsquo;ta hayat\u0131n\u0131 kaybetti. Erbakan&rsquo;\u0131n \u00f6l\u00fcm\u00fc de, ba\u015fbakanl\u0131ktan indirilmesi ayn\u0131 g\u00fcne denk gelmesi t\u00fcm T\u00fcrkiye&rsquo;yi \u00fczd\u00fc. \u0130stanbul&rsquo;daki cenaze t\u00f6renine kat\u0131lan Ak Parti \u015eanl\u0131urfa milletvekili Ramazan Ba\u015fak &lsquo;bug\u00fcn burada y\u00fczbinlerce vatanda\u015flar\u0131m\u0131zla 81 ilden ak\u0131n ak\u0131n gelen insanlar\u0131m\u0131zla birlikte Say\u0131n Erbakan&rsquo;\u0131 son yolculu\u011funa u\u011furlad\u0131k&rsquo; dedi<\/div>\n","protected":false},"excerpt":{"rendered":"<p>D\u00fcn Ak\u015fam Kanal Urfa&rsquo;ya telefon ba\u011flant\u0131s\u0131yla kat\u0131lan Ak Parti \u015eanl\u0131urfa Milletvekili Ramazan Ba\u015fak \u00f6nemli a\u00e7\u0131klamalarda bulundu. &nbsp; Kanal Urfa 17:30 ana haberlerine&nbsp;\u0130stanbul&#8217;dan telefon ba\u011flant\u0131s\u0131yla ba\u011flanarak, 28 \u015eubat 1997 y\u0131l\u0131nda postmodern askeri darbesin 14. Y\u0131l d\u00f6n\u00fcm\u00fc b\u00fcy\u00fck bir tesad\u00fcfe sahne oldu ve TSK, medya ve i\u015f d\u00fcnyas\u0131n\u0131n bask\u0131s\u0131yla iktidardan indirilen 54. H\u00fck\u00fcmet&rsquo;in Ba\u015fbakan\u0131 Prof. Dr. Necmettin &hellip;<\/p>\n","protected":false},"author":2,"featured_media":458,"comment_status":"open","ping_status":"open","sticky":false,"template":"","format":"standard","meta":{"footnotes":""},"categories":[8],"tags":[],"class_list":["post-459","post","type-post","status-publish","format-standard","has-post-thumbnail","hentry","category-haberler-haberler"],"_links":{"self":[{"href":"https:\/\/www.ramazanbasak.com.tr\/index.php?rest_route=\/wp\/v2\/posts\/459","targetHints":{"allow":["GET"]}}],"collection":[{"href":"https:\/\/www.ramazanbasak.com.tr\/index.php?rest_route=\/wp\/v2\/posts"}],"about":[{"href":"https:\/\/www.ramazanbasak.com.tr\/index.php?rest_route=\/wp\/v2\/types\/post"}],"author":[{"embeddable":true,"href":"https:\/\/www.ramazanbasak.com.tr\/index.php?rest_route=\/wp\/v2\/users\/2"}],"replies":[{"embeddable":true,"href":"https:\/\/www.ramazanbasak.com.tr\/index.php?rest_route=%2Fwp%2Fv2%2Fcomments&post=459"}],"version-history":[{"count":0,"href":"https:\/\/www.ramazanbasak.com.tr\/index.php?rest_route=\/wp\/v2\/posts\/459\/revisions"}],"wp:featuredmedia":[{"embeddable":true,"href":"https:\/\/www.ramazanbasak.com.tr\/index.php?rest_route=\/wp\/v2\/media\/458"}],"wp:attachment":[{"href":"https:\/\/www.ramazanbasak.com.tr\/index.php?rest_route=%2Fwp%2Fv2%2Fmedia&parent=459"}],"wp:term":[{"taxonomy":"category","embeddable":true,"href":"https:\/\/www.ramazanbasak.com.tr\/index.php?rest_route=%2Fwp%2Fv2%2Fcategories&post=459"},{"taxonomy":"post_tag","embeddable":true,"href":"https:\/\/www.ramazanbasak.com.tr\/index.php?rest_route=%2Fwp%2Fv2%2Ftags&post=459"}],"curies":[{"name":"wp","href":"https:\/\/api.w.org\/{rel}","templated":true}]}}