{"id":469,"date":"2011-03-25T10:44:24","date_gmt":"2011-03-25T07:44:24","guid":{"rendered":"https:\/\/www.ramazanbasak.com.tr\/basak-urfayi-ve-iboyu-savundu"},"modified":"2011-03-25T10:44:24","modified_gmt":"2011-03-25T07:44:24","slug":"basak-urfayi-ve-iboyu-savundu","status":"publish","type":"post","link":"https:\/\/www.ramazanbasak.com.tr\/?p=469","title":{"rendered":"Ba\u015fak Urfa&#8217;y\u0131 ve \u0130bo&#8217;yu Savundu"},"content":{"rendered":"<p><img loading=\"lazy\" decoding=\"async\" class=\" alignleft size-full wp-image-334\" align=\"left\" width=\"200\" height=\"134\" alt=\"\" src=\"https:\/\/www.ramazanbasak.com.tr\/wp-content\/uploads\/2010\/08\/_hhg9287.jpg\" \/><\/p>\n<p><strong>Ak Parti \u015eanl\u0131urfa Milletvekili Ramazan Ba\u015fak d\u00fcn mecliste g\u00fcndem d\u0131\u015f\u0131 konu\u015fmas\u0131nda Tatl\u0131ses&#8217;e yap\u0131lan sald\u0131r\u0131 k\u0131nad\u0131.<\/strong><\/p>\n<p>&nbsp;<\/p>\n<p><strong> <\/p>\n<p>Mecliste g\u00fcndem d\u0131\u015f\u0131 s\u00f6z alan Ak Parti \u015eanl\u0131urfa Milletvekili Ramazan Ba\u015fak, Do\u011fu ve G\u00fcneydo\u011fu b\u00f6lgelerindeki turizm sekt\u00f6r\u00fcn\u00fc ele ald\u0131. \u00d6nceki g\u00fcn \u0130stanbul&#8217;da silahl\u0131 sald\u0131r\u0131 sonucu a\u011f\u0131r yaralanan \u00fcnl\u00fc sanat\u00e7\u0131 \u0130brahim Tatl\u0131ses&#8217;e sahip \u00e7\u0131kan Ramazan Ba\u015fak, &#8216;yap\u0131lan bu \u00e7irkin sald\u0131r\u0131 bize yap\u0131lm\u0131\u015ft\u0131r, Bende&nbsp; bir urfal\u0131 olarak bu sald\u0131r\u0131y\u0131 k\u0131n\u0131yorum&#8217; dedi.<\/p>\n<p> <\/strong><\/p>\n","protected":false},"excerpt":{"rendered":"<p>Ak Parti \u015eanl\u0131urfa Milletvekili Ramazan Ba\u015fak d\u00fcn mecliste g\u00fcndem d\u0131\u015f\u0131 konu\u015fmas\u0131nda Tatl\u0131ses&#8217;e yap\u0131lan sald\u0131r\u0131 k\u0131nad\u0131. &nbsp; Mecliste g\u00fcndem d\u0131\u015f\u0131 s\u00f6z alan Ak Parti \u015eanl\u0131urfa Milletvekili Ramazan Ba\u015fak, Do\u011fu ve G\u00fcneydo\u011fu b\u00f6lgelerindeki turizm sekt\u00f6r\u00fcn\u00fc ele ald\u0131. \u00d6nceki g\u00fcn \u0130stanbul&#8217;da silahl\u0131 sald\u0131r\u0131 sonucu a\u011f\u0131r yaralanan \u00fcnl\u00fc sanat\u00e7\u0131 \u0130brahim Tatl\u0131ses&#8217;e sahip \u00e7\u0131kan Ramazan Ba\u015fak, &#8216;yap\u0131lan bu \u00e7irkin sald\u0131r\u0131 &hellip;<\/p>\n","protected":false},"author":2,"featured_media":334,"comment_status":"open","ping_status":"open","sticky":false,"template":"","format":"standard","meta":{"footnotes":""},"categories":[8],"tags":[],"class_list":["post-469","post","type-post","status-publish","format-standard","has-post-thumbnail","hentry","category-haberler-haberler"],"_links":{"self":[{"href":"https:\/\/www.ramazanbasak.com.tr\/index.php?rest_route=\/wp\/v2\/posts\/469","targetHints":{"allow":["GET"]}}],"collection":[{"href":"https:\/\/www.ramazanbasak.com.tr\/index.php?rest_route=\/wp\/v2\/posts"}],"about":[{"href":"https:\/\/www.ramazanbasak.com.tr\/index.php?rest_route=\/wp\/v2\/types\/post"}],"author":[{"embeddable":true,"href":"https:\/\/www.ramazanbasak.com.tr\/index.php?rest_route=\/wp\/v2\/users\/2"}],"replies":[{"embeddable":true,"href":"https:\/\/www.ramazanbasak.com.tr\/index.php?rest_route=%2Fwp%2Fv2%2Fcomments&post=469"}],"version-history":[{"count":0,"href":"https:\/\/www.ramazanbasak.com.tr\/index.php?rest_route=\/wp\/v2\/posts\/469\/revisions"}],"wp:featuredmedia":[{"embeddable":true,"href":"https:\/\/www.ramazanbasak.com.tr\/index.php?rest_route=\/wp\/v2\/media\/334"}],"wp:attachment":[{"href":"https:\/\/www.ramazanbasak.com.tr\/index.php?rest_route=%2Fwp%2Fv2%2Fmedia&parent=469"}],"wp:term":[{"taxonomy":"category","embeddable":true,"href":"https:\/\/www.ramazanbasak.com.tr\/index.php?rest_route=%2Fwp%2Fv2%2Fcategories&post=469"},{"taxonomy":"post_tag","embeddable":true,"href":"https:\/\/www.ramazanbasak.com.tr\/index.php?rest_route=%2Fwp%2Fv2%2Ftags&post=469"}],"curies":[{"name":"wp","href":"https:\/\/api.w.org\/{rel}","templated":true}]}}