{"id":470,"date":"2011-03-25T10:49:15","date_gmt":"2011-03-25T07:49:15","guid":{"rendered":"https:\/\/www.ramazanbasak.com.tr\/basak-adaylara-basarilar-diledi"},"modified":"2011-03-25T10:49:15","modified_gmt":"2011-03-25T07:49:15","slug":"basak-adaylara-basarilar-diledi","status":"publish","type":"post","link":"https:\/\/www.ramazanbasak.com.tr\/?p=470","title":{"rendered":"Ba\u015fak Adaylara Ba\u015far\u0131lar Diledi"},"content":{"rendered":"<p><img loading=\"lazy\" decoding=\"async\" class=\" alignleft size-full wp-image-252\" align=\"left\" width=\"200\" height=\"135\" alt=\"\" src=\"https:\/\/www.ramazanbasak.com.tr\/wp-content\/uploads\/2010\/04\/tv81.jpg\" \/><\/p>\n<p><strong>Ak Parti \u015eanl\u0131urfa Milletvekili Ramazan Ba\u015fak, d\u00fcn tv8 kat\u0131lm\u0131\u015f oldu\u011fu programda Aday Adaylar\u0131n\u0131 yaln\u0131z b\u0131rakmad\u0131. <\/strong><\/p>\n<p>&nbsp;<\/p>\n<p>Ak Parti \u015eanl\u0131urfa Milletvekili Ramazan Ba\u015fak, d\u00fcn sabah tv8&#8242; Erkan Tan&#8217;la Ba\u015fkent&#8217;ten program\u0131na kat\u0131larak, 12 haziranda yap\u0131lacak olan 2011 genel se\u00e7imleri \u00f6ncesi, T\u00fcrkiye rekoru k\u0131ran \u015eanl\u0131urfa&#8217;daki aday bollu\u011fu&nbsp;aday,adayl\u0131k s\u00fcreciyle ilgili a\u00e7\u0131klamalarda bulunarak bu se\u00e7imin zaferinde meclise 12 milletvekili ile birlikte gidece\u011fiz. dedi<\/p>\n","protected":false},"excerpt":{"rendered":"<p>Ak Parti \u015eanl\u0131urfa Milletvekili Ramazan Ba\u015fak, d\u00fcn tv8 kat\u0131lm\u0131\u015f oldu\u011fu programda Aday Adaylar\u0131n\u0131 yaln\u0131z b\u0131rakmad\u0131. &nbsp; Ak Parti \u015eanl\u0131urfa Milletvekili Ramazan Ba\u015fak, d\u00fcn sabah tv8&#8242; Erkan Tan&#8217;la Ba\u015fkent&#8217;ten program\u0131na kat\u0131larak, 12 haziranda yap\u0131lacak olan 2011 genel se\u00e7imleri \u00f6ncesi, T\u00fcrkiye rekoru k\u0131ran \u015eanl\u0131urfa&#8217;daki aday bollu\u011fu&nbsp;aday,adayl\u0131k s\u00fcreciyle ilgili a\u00e7\u0131klamalarda bulunarak bu se\u00e7imin zaferinde meclise 12 milletvekili ile &hellip;<\/p>\n","protected":false},"author":2,"featured_media":252,"comment_status":"open","ping_status":"open","sticky":false,"template":"","format":"standard","meta":{"footnotes":""},"categories":[8],"tags":[],"class_list":["post-470","post","type-post","status-publish","format-standard","has-post-thumbnail","hentry","category-haberler-haberler"],"_links":{"self":[{"href":"https:\/\/www.ramazanbasak.com.tr\/index.php?rest_route=\/wp\/v2\/posts\/470","targetHints":{"allow":["GET"]}}],"collection":[{"href":"https:\/\/www.ramazanbasak.com.tr\/index.php?rest_route=\/wp\/v2\/posts"}],"about":[{"href":"https:\/\/www.ramazanbasak.com.tr\/index.php?rest_route=\/wp\/v2\/types\/post"}],"author":[{"embeddable":true,"href":"https:\/\/www.ramazanbasak.com.tr\/index.php?rest_route=\/wp\/v2\/users\/2"}],"replies":[{"embeddable":true,"href":"https:\/\/www.ramazanbasak.com.tr\/index.php?rest_route=%2Fwp%2Fv2%2Fcomments&post=470"}],"version-history":[{"count":0,"href":"https:\/\/www.ramazanbasak.com.tr\/index.php?rest_route=\/wp\/v2\/posts\/470\/revisions"}],"wp:featuredmedia":[{"embeddable":true,"href":"https:\/\/www.ramazanbasak.com.tr\/index.php?rest_route=\/wp\/v2\/media\/252"}],"wp:attachment":[{"href":"https:\/\/www.ramazanbasak.com.tr\/index.php?rest_route=%2Fwp%2Fv2%2Fmedia&parent=470"}],"wp:term":[{"taxonomy":"category","embeddable":true,"href":"https:\/\/www.ramazanbasak.com.tr\/index.php?rest_route=%2Fwp%2Fv2%2Fcategories&post=470"},{"taxonomy":"post_tag","embeddable":true,"href":"https:\/\/www.ramazanbasak.com.tr\/index.php?rest_route=%2Fwp%2Fv2%2Ftags&post=470"}],"curies":[{"name":"wp","href":"https:\/\/api.w.org\/{rel}","templated":true}]}}