{"id":474,"date":"2011-04-18T07:41:14","date_gmt":"2011-04-18T04:41:14","guid":{"rendered":"https:\/\/www.ramazanbasak.com.tr\/basak-issizlik-bitecek"},"modified":"2011-04-18T07:41:14","modified_gmt":"2011-04-18T04:41:14","slug":"basak-issizlik-bitecek","status":"publish","type":"post","link":"https:\/\/www.ramazanbasak.com.tr\/?p=474","title":{"rendered":"Ba\u015fak, \u0130\u015fsizlik Bitecek"},"content":{"rendered":"<p><img loading=\"lazy\" decoding=\"async\" class=\" alignleft size-full wp-image-473\" align=\"left\" width=\"200\" height=\"161\" alt=\"\" src=\"https:\/\/www.ramazanbasak.com.tr\/wp-content\/uploads\/2011\/04\/2011sulamatemel.bmp\" \/><\/p>\n<p><strong>Ak Parti \u015eanl\u0131urfa Milletvekili Ramazan Ba\u015fak, &lsquo;Suru\u00e7 Sulama kanal\u0131n\u0131 s\u00f6z verdi\u011fimiz tarihte bitirerek i\u015fsizli\u011fi sona erdirece\u011fiz.&rsquo;dedi.  <!--more-->  <\/strong><\/p>\n<p><strong>Ak Parti \u015eanl\u0131urfa Milletvekili Ramazan Ba\u015fak, d\u00fcn Suru\u00e7&rsquo;ta a\u00e7\u0131l\u0131\u015f\u0131 yap\u0131lan kanallar hakk\u0131nda bir de\u011ferlendirme yapt\u0131.<\/strong><\/p>\n<p> Sabah\u0131n erken saatlerinde se\u00e7im b\u00f6lgesi olan Suru\u00e7 il\u00e7esine giden Ak Parti \u015eanl\u0131urfa Milletvekili Ramazan Ba\u015fak t\u00f6ren alan\u0131nda toplanan il\u00e7e halk\u0131yla birlikte oldu. Uzun s\u00fcre vatanda\u015flarla birlikte olan Milletvekili Ramazan Ba\u015fak sorunlar\u0131 dinledi \u00e7\u00f6z\u00fcm noktas\u0131nda ne gerekiyorsa yapacaklar\u0131n\u0131 belirtti.<\/p>\n<div>&nbsp;<\/div>\n<div>Devlet Su \u0130\u015fleri taraf\u0131ndan yap\u0131lan ve \u00e7al\u0131\u015fmalar\u0131 halen devam eden maliyeti 45 milyon TL&rsquo;yi bulan <span style=\"color: #313131\">Suru\u00e7 Sulama Projesi, d\u00fcn Sa\u011f ve Sol Sahil Sulama Projesi&rdquo;nin temel atma t\u00f6reni bakan Prof. Dr. Veysel da kal\u0131t\u0131m\u0131yla ger\u00e7ekle\u015fti.<\/span><\/div>\n<p> <span style=\"color: #313131\">T\u00f6ren sonras\u0131 bir a\u00e7\u0131klama yapan Ak Parti \u015eanl\u0131urfa Milletvekili Ramazan Ba\u015fak, &lsquo;Suru\u00e7 Sulama kanal\u0131n\u0131 s\u00f6z verdi\u011fimiz tarihte bitirerek i\u015fsizli\u011fi sona erdirece\u011fiz.&rsquo;dedi.<\/span><\/p>\n","protected":false},"excerpt":{"rendered":"<p>Ak Parti \u015eanl\u0131urfa Milletvekili Ramazan Ba\u015fak, &lsquo;Suru\u00e7 Sulama kanal\u0131n\u0131 s\u00f6z verdi\u011fimiz tarihte bitirerek i\u015fsizli\u011fi sona erdirece\u011fiz.&rsquo;dedi. Ak Parti \u015eanl\u0131urfa Milletvekili Ramazan Ba\u015fak, d\u00fcn Suru\u00e7&rsquo;ta a\u00e7\u0131l\u0131\u015f\u0131 yap\u0131lan kanallar hakk\u0131nda bir de\u011ferlendirme yapt\u0131. Sabah\u0131n erken saatlerinde se\u00e7im b\u00f6lgesi olan Suru\u00e7 il\u00e7esine giden Ak Parti \u015eanl\u0131urfa Milletvekili Ramazan Ba\u015fak t\u00f6ren alan\u0131nda toplanan il\u00e7e halk\u0131yla birlikte oldu. Uzun s\u00fcre &hellip;<\/p>\n","protected":false},"author":2,"featured_media":473,"comment_status":"open","ping_status":"open","sticky":false,"template":"","format":"standard","meta":{"footnotes":""},"categories":[8],"tags":[],"class_list":["post-474","post","type-post","status-publish","format-standard","has-post-thumbnail","hentry","category-haberler-haberler"],"_links":{"self":[{"href":"https:\/\/www.ramazanbasak.com.tr\/index.php?rest_route=\/wp\/v2\/posts\/474","targetHints":{"allow":["GET"]}}],"collection":[{"href":"https:\/\/www.ramazanbasak.com.tr\/index.php?rest_route=\/wp\/v2\/posts"}],"about":[{"href":"https:\/\/www.ramazanbasak.com.tr\/index.php?rest_route=\/wp\/v2\/types\/post"}],"author":[{"embeddable":true,"href":"https:\/\/www.ramazanbasak.com.tr\/index.php?rest_route=\/wp\/v2\/users\/2"}],"replies":[{"embeddable":true,"href":"https:\/\/www.ramazanbasak.com.tr\/index.php?rest_route=%2Fwp%2Fv2%2Fcomments&post=474"}],"version-history":[{"count":0,"href":"https:\/\/www.ramazanbasak.com.tr\/index.php?rest_route=\/wp\/v2\/posts\/474\/revisions"}],"wp:featuredmedia":[{"embeddable":true,"href":"https:\/\/www.ramazanbasak.com.tr\/index.php?rest_route=\/wp\/v2\/media\/473"}],"wp:attachment":[{"href":"https:\/\/www.ramazanbasak.com.tr\/index.php?rest_route=%2Fwp%2Fv2%2Fmedia&parent=474"}],"wp:term":[{"taxonomy":"category","embeddable":true,"href":"https:\/\/www.ramazanbasak.com.tr\/index.php?rest_route=%2Fwp%2Fv2%2Fcategories&post=474"},{"taxonomy":"post_tag","embeddable":true,"href":"https:\/\/www.ramazanbasak.com.tr\/index.php?rest_route=%2Fwp%2Fv2%2Ftags&post=474"}],"curies":[{"name":"wp","href":"https:\/\/api.w.org\/{rel}","templated":true}]}}