{"id":476,"date":"2011-04-18T07:46:58","date_gmt":"2011-04-18T04:46:58","guid":{"rendered":"https:\/\/www.ramazanbasak.com.tr\/basaktan-yeni-baskana-ziyaret"},"modified":"2011-04-18T07:46:58","modified_gmt":"2011-04-18T04:46:58","slug":"basaktan-yeni-baskana-ziyaret","status":"publish","type":"post","link":"https:\/\/www.ramazanbasak.com.tr\/?p=476","title":{"rendered":"Ba\u015fak&#8217;tan Yeni Ba\u015fkana Ziyaret"},"content":{"rendered":"<p><img loading=\"lazy\" decoding=\"async\" class=\" alignleft size-full wp-image-475\" align=\"left\" width=\"200\" height=\"129\" alt=\"\" src=\"https:\/\/www.ramazanbasak.com.tr\/wp-content\/uploads\/2011\/04\/2011muteahhitlerbskziyaret.bmp\" \/><\/p>\n<p><strong>Ak Parti \u015eanl\u0131urfa Milletvekili Ramazan Ba\u015fak \u0130l genel meclis ba\u015fkan\u0131 Mustafa Yavuz&#8217;a tebrik ziyaretinde bulundu.  <!--more-->  <\/strong><\/p>\n<p><strong> <\/p>\n<p>GAP&#8217;\u0131n merkezi olan \u015eanl\u0131urfa&#8217;ya \u00c7evre ve Orman Bakan\u0131 Prof. Dr. Veysel Er\u011folu ile birlikte \u015eanl\u0131urfa&#8217;ya gelen Ak Parti \u015eanl\u0131urfa Milletvekili Ramazan Ba\u015fak Suru\u00e7ta \u00e7al\u0131\u015fmalar\u0131 aral\u0131ks\u0131z devam eden Suru\u00e7 sulama projesi&#8217;nin 2. ad\u0131m\u0131nda sa\u011f ve sol sahil sulama kanallar\u0131n\u0131n temelinin at\u0131ld\u0131\u011f\u0131 muhte\u015fem t\u00f6renin ard\u0131ndan bir dizi ziyaretler ger\u00e7ekle\u015ftirdi. Ak Parti \u015eanl\u0131urfa Milletvekili Ramazan Ba\u015fak ve beraberindeki&nbsp;Partili arkada\u015flar\u0131yla birlikte&nbsp;\u0130l Genel Meclis Ba\u015fkanl\u0131\u011f\u0131na se\u00e7ilen&nbsp; Mustafa Yavuz&#8217;u ziyaret ederek tebrik ettiler.<\/p>\n<p> Ger\u00e7ekle\u015fen ziyarette bir a\u00e7\u0131klama yapan Ak Parti \u015eanl\u0131urfa Milletvekili Ramazan Ba\u015fak &#8216;Ak Parti H\u00fck\u00fcmeti olarak her zaman halk\u0131m\u0131z\u0131n emrindeyiz. \u015eanl\u0131urfam\u0131z i\u00e7in ne gerekiyorsa yapmaya haz\u0131r\u0131z. \u0130l genel meclis ba\u015fkanl\u0131\u011f\u0131na se\u00e7ilen Mustafa Yavuz&#8217;u tebrik eder g\u00f6revinde ba\u015far\u0131lar dilerim.&#8217;dedi.<\/p>\n<p> <\/strong><\/p>\n","protected":false},"excerpt":{"rendered":"<p>Ak Parti \u015eanl\u0131urfa Milletvekili Ramazan Ba\u015fak \u0130l genel meclis ba\u015fkan\u0131 Mustafa Yavuz&#8217;a tebrik ziyaretinde bulundu. GAP&#8217;\u0131n merkezi olan \u015eanl\u0131urfa&#8217;ya \u00c7evre ve Orman Bakan\u0131 Prof. Dr. Veysel Er\u011folu ile birlikte \u015eanl\u0131urfa&#8217;ya gelen Ak Parti \u015eanl\u0131urfa Milletvekili Ramazan Ba\u015fak Suru\u00e7ta \u00e7al\u0131\u015fmalar\u0131 aral\u0131ks\u0131z devam eden Suru\u00e7 sulama projesi&#8217;nin 2. ad\u0131m\u0131nda sa\u011f ve sol sahil sulama kanallar\u0131n\u0131n temelinin at\u0131ld\u0131\u011f\u0131 &hellip;<\/p>\n","protected":false},"author":2,"featured_media":475,"comment_status":"open","ping_status":"open","sticky":false,"template":"","format":"standard","meta":{"footnotes":""},"categories":[8],"tags":[],"class_list":["post-476","post","type-post","status-publish","format-standard","has-post-thumbnail","hentry","category-haberler-haberler"],"_links":{"self":[{"href":"https:\/\/www.ramazanbasak.com.tr\/index.php?rest_route=\/wp\/v2\/posts\/476","targetHints":{"allow":["GET"]}}],"collection":[{"href":"https:\/\/www.ramazanbasak.com.tr\/index.php?rest_route=\/wp\/v2\/posts"}],"about":[{"href":"https:\/\/www.ramazanbasak.com.tr\/index.php?rest_route=\/wp\/v2\/types\/post"}],"author":[{"embeddable":true,"href":"https:\/\/www.ramazanbasak.com.tr\/index.php?rest_route=\/wp\/v2\/users\/2"}],"replies":[{"embeddable":true,"href":"https:\/\/www.ramazanbasak.com.tr\/index.php?rest_route=%2Fwp%2Fv2%2Fcomments&post=476"}],"version-history":[{"count":0,"href":"https:\/\/www.ramazanbasak.com.tr\/index.php?rest_route=\/wp\/v2\/posts\/476\/revisions"}],"wp:featuredmedia":[{"embeddable":true,"href":"https:\/\/www.ramazanbasak.com.tr\/index.php?rest_route=\/wp\/v2\/media\/475"}],"wp:attachment":[{"href":"https:\/\/www.ramazanbasak.com.tr\/index.php?rest_route=%2Fwp%2Fv2%2Fmedia&parent=476"}],"wp:term":[{"taxonomy":"category","embeddable":true,"href":"https:\/\/www.ramazanbasak.com.tr\/index.php?rest_route=%2Fwp%2Fv2%2Fcategories&post=476"},{"taxonomy":"post_tag","embeddable":true,"href":"https:\/\/www.ramazanbasak.com.tr\/index.php?rest_route=%2Fwp%2Fv2%2Ftags&post=476"}],"curies":[{"name":"wp","href":"https:\/\/api.w.org\/{rel}","templated":true}]}}