{"id":478,"date":"2011-04-18T07:50:45","date_gmt":"2011-04-18T04:50:45","guid":{"rendered":"https:\/\/www.ramazanbasak.com.tr\/basak-urfamiza-hayirli-olsun"},"modified":"2011-04-18T07:50:45","modified_gmt":"2011-04-18T04:50:45","slug":"basak-urfamiza-hayirli-olsun","status":"publish","type":"post","link":"https:\/\/www.ramazanbasak.com.tr\/?p=478","title":{"rendered":"BA\u015eAK: URFAMIZA HAYIRLI OLSUN"},"content":{"rendered":"<p><img loading=\"lazy\" decoding=\"async\" class=\" alignleft size-full wp-image-477\" align=\"left\" width=\"200\" height=\"134\" alt=\"\" src=\"https:\/\/www.ramazanbasak.com.tr\/wp-content\/uploads\/2011\/04\/dsc_2822.jpg\" srcset=\"https:\/\/www.ramazanbasak.com.tr\/wp-content\/uploads\/2011\/04\/dsc_2822.jpg 800w, https:\/\/www.ramazanbasak.com.tr\/wp-content\/uploads\/2011\/04\/dsc_2822-300x201.jpg 300w, https:\/\/www.ramazanbasak.com.tr\/wp-content\/uploads\/2011\/04\/dsc_2822-768x515.jpg 768w\" sizes=\"auto, (max-width: 200px) 100vw, 200px\" \/><\/p>\n<p><strong>Ak Parti \u015eanl\u0131urfa Milletvekili ve \u00c7evre Komisyonu \u00fcyesi Ramazan Ba\u015fak, d\u00fcn a\u00e7\u0131klanan listelerden sonra bir a\u00e7\u0131klama yapt\u0131. A\u00e7\u0131klamas\u0131nda listenin \u015eanl\u0131urfa&rsquo; ya hay\u0131rl\u0131 olmas\u0131n\u0131 diledi. <!--more-->  <\/strong><\/p>\n<p>&nbsp;<\/p>\n<p><strong>Ba\u015fak, a\u00e7\u0131klamas\u0131nda yeni listenin Urfa&rsquo; ya ve T\u00fcrkiye&rsquo; ye hay\u0131rl\u0131 olmas\u0131n\u0131 dileyerek, listede olmamas\u0131ndan dolay\u0131 hi\u00e7bir k\u0131rg\u0131nl\u0131\u011f\u0131n\u0131n olmad\u0131\u011f\u0131n\u0131 aksine yeni listedeki arkada\u015flar\u0131n se\u00e7ilmesi i\u00e7in elinden gelen her t\u00fcrl\u00fc fedakarl\u0131\u011f\u0131 g\u00f6sterece\u011fini, partisi i\u00e7in ve aday olan arkada\u015flar\u0131 i\u00e7in \u00e7al\u0131\u015faca\u011f\u0131n\u0131 ifade etti.<\/strong> <\/p>\n<p>&nbsp;<\/p>\n<div>Ayr\u0131ca Ba\u015fak, milletvekilli\u011finin bir etiket olmad\u0131\u011f\u0131n\u0131, siyasete milletvekilli\u011fi ile gelmedi\u011fini bundan \u00f6nce nas\u0131l \u00e7al\u0131\u015ft\u0131ysa T\u00fcrkiye ve partisi i\u00e7in yine siyasette olaca\u011f\u0131n\u0131 s\u00f6yledi.<\/div>\n<div>&nbsp;<\/div>\n<div>\u015eanl\u0131urfa ve hem\u015ferileri i\u00e7in Sulama projelerinden, e\u011fitime, sa\u011fl\u0131\u011fa, ula\u015f\u0131ma kadar bir \u00e7ok projede Urfal\u0131n\u0131n sesi olduklar\u0131n\u0131, bundan sonra da durmak yok yola devam dediklerini ve Urfal\u0131n\u0131n sesi olmaya devam edeceklerini s\u00f6yledi.<\/div>\n<div>&nbsp;<\/div>\n<p><span style=\"font-size: 12pt\">Listenin Ba\u015fbakan\u0131n ve partinin takdiri oldu\u011funu, kadere iman ettiklerini ifade eden Ba\u015fak, en k\u0131sa zamanda \u015eanl\u0131urfa&rsquo; ya gelip se\u00e7im start\u0131 verece\u011fini, arkada\u015flar\u0131n\u0131n se\u00e7ilmesi ve Ak Partinin \u015eanl\u0131urfa&rsquo; da ba\u015far\u0131l\u0131 olmas\u0131 i\u00e7in \u00e7ok \u00e7al\u0131\u015faca\u011f\u0131n\u0131 da s\u00f6zlerine ekledi.<\/span><\/p><\/p>\n","protected":false},"excerpt":{"rendered":"<p>Ak Parti \u015eanl\u0131urfa Milletvekili ve \u00c7evre Komisyonu \u00fcyesi Ramazan Ba\u015fak, d\u00fcn a\u00e7\u0131klanan listelerden sonra bir a\u00e7\u0131klama yapt\u0131. A\u00e7\u0131klamas\u0131nda listenin \u015eanl\u0131urfa&rsquo; ya hay\u0131rl\u0131 olmas\u0131n\u0131 diledi. &nbsp; Ba\u015fak, a\u00e7\u0131klamas\u0131nda yeni listenin Urfa&rsquo; ya ve T\u00fcrkiye&rsquo; ye hay\u0131rl\u0131 olmas\u0131n\u0131 dileyerek, listede olmamas\u0131ndan dolay\u0131 hi\u00e7bir k\u0131rg\u0131nl\u0131\u011f\u0131n\u0131n olmad\u0131\u011f\u0131n\u0131 aksine yeni listedeki arkada\u015flar\u0131n se\u00e7ilmesi i\u00e7in elinden gelen her t\u00fcrl\u00fc fedakarl\u0131\u011f\u0131 g\u00f6sterece\u011fini, &hellip;<\/p>\n","protected":false},"author":2,"featured_media":477,"comment_status":"open","ping_status":"open","sticky":false,"template":"","format":"standard","meta":{"footnotes":""},"categories":[8],"tags":[],"class_list":["post-478","post","type-post","status-publish","format-standard","has-post-thumbnail","hentry","category-haberler-haberler"],"_links":{"self":[{"href":"https:\/\/www.ramazanbasak.com.tr\/index.php?rest_route=\/wp\/v2\/posts\/478","targetHints":{"allow":["GET"]}}],"collection":[{"href":"https:\/\/www.ramazanbasak.com.tr\/index.php?rest_route=\/wp\/v2\/posts"}],"about":[{"href":"https:\/\/www.ramazanbasak.com.tr\/index.php?rest_route=\/wp\/v2\/types\/post"}],"author":[{"embeddable":true,"href":"https:\/\/www.ramazanbasak.com.tr\/index.php?rest_route=\/wp\/v2\/users\/2"}],"replies":[{"embeddable":true,"href":"https:\/\/www.ramazanbasak.com.tr\/index.php?rest_route=%2Fwp%2Fv2%2Fcomments&post=478"}],"version-history":[{"count":0,"href":"https:\/\/www.ramazanbasak.com.tr\/index.php?rest_route=\/wp\/v2\/posts\/478\/revisions"}],"wp:featuredmedia":[{"embeddable":true,"href":"https:\/\/www.ramazanbasak.com.tr\/index.php?rest_route=\/wp\/v2\/media\/477"}],"wp:attachment":[{"href":"https:\/\/www.ramazanbasak.com.tr\/index.php?rest_route=%2Fwp%2Fv2%2Fmedia&parent=478"}],"wp:term":[{"taxonomy":"category","embeddable":true,"href":"https:\/\/www.ramazanbasak.com.tr\/index.php?rest_route=%2Fwp%2Fv2%2Fcategories&post=478"},{"taxonomy":"post_tag","embeddable":true,"href":"https:\/\/www.ramazanbasak.com.tr\/index.php?rest_route=%2Fwp%2Fv2%2Ftags&post=478"}],"curies":[{"name":"wp","href":"https:\/\/api.w.org\/{rel}","templated":true}]}}