{"id":62,"date":"2008-02-16T22:00:00","date_gmt":"2008-02-16T19:00:00","guid":{"rendered":"https:\/\/www.ramazanbasak.com.tr\/basak%e2%80%99a-yeni-gorev"},"modified":"2008-02-16T22:00:00","modified_gmt":"2008-02-16T19:00:00","slug":"basak%e2%80%99a-yeni-gorev","status":"publish","type":"post","link":"https:\/\/www.ramazanbasak.com.tr\/?p=62","title":{"rendered":"BA\u015eAK\u2019A YEN\u0130 G\u00d6REV"},"content":{"rendered":"<p style=\"text-align: justify\"><span style=\"font-size: 12px\"><span style=\"font-family: Tahoma\"><b><span style=\"color: #313131\">UrfaHA-5 \u015eubat 2008 tarihinde T\u00fcrkiye S\u0131rbistan Parlamentolar Aras\u0131 Dostluk &#8230;.<\/span><\/b><span style=\"color: #313131\"><\/p>\n<p> <\/span><b><span style=\"color: #313131\">T\u00fcrkiye S\u0131rbistan Parlamentolar Aras\u0131 Dostluk Gurubu Ba\u015fkanl\u0131\u011f\u0131na se\u00e7ilen \u015eanl\u0131urfa Milletvekili Ramazan Ba\u015fak ilk resmi kabul\u00fcn\u00fc ger\u00e7ekle\u015ftirdi.<\/span><\/b><\/span><\/span><\/p>\n<p style=\"text-align: justify\"><span style=\"font-size: 12px\"><span style=\"font-family: Tahoma\"><span style=\"color: #313131\"><br \/> UrfaHA-5 \u015eubat 2008 tarihinde T\u00fcrkiye S\u0131rbistan Parlamentolar Aras\u0131 Dostluk Gurubu Ba\u015fkanl\u0131\u011f\u0131na Se\u00e7ilen Ak Parti Genel Merkez Se\u00e7im \u0130\u015fleri Ba\u015fkan Yard\u0131mc\u0131s\u0131 Ve \u015eanl\u0131urfa Milletvekili Ramazan Ba\u015fak ilk S\u0131rbistan heyeti kabul\u00fcn\u00fc 13 \u015eubat \u00c7ar\u015famba g\u00fcn\u00fc ger\u00e7ekle\u015ftirdi.<\/span><\/span><\/span><\/p>\n<p> <span style=\"font-size: 12px\"><span style=\"font-family: Tahoma\"><span style=\"color: #313131\">Ba\u015fak ilk resmi kabul\u00fcn\u00fc 13 \u015eubat \u00c7ar\u015famba g\u00fcn\u00fc S\u0131rbistan Cumhuriyeti \u00c7al\u0131\u015fma Ve Sosyal Politikalar Bakan\u0131 RAS\u0130M JAJ\u0130\u00c7\u2019\u0130 T\u00fcrkiye B\u00fcy\u00fck Millet Meclisinde kabul ederek ger\u00e7ekle\u015ftirdi. T\u00fcrkiye S\u0131rbistan Parlamentolar Aras\u0131 Dostluk Gurubu Ba\u015fkan\u0131 \u015eanl\u0131urfa Milletvekili Ramazan Ba\u015fak taraf\u0131ndan ger\u00e7ekle\u015ftirilen ilk resmi kabilde iki \u00fclke aras\u0131ndaki dostlu\u011fun peki\u015fmesi, ticaret hacminin art\u0131r\u0131lmas\u0131 gibi \u00e7e\u015fitli konularda temennilerde bulunuldu.<\/p>\n<p> <\/span><\/span><\/span><span style=\"font-size: 12px\"><span style=\"font-family: Tahoma\"><span style=\"color: #313131\">T\u00fcrkiye S\u0131rbistan parlamentolar aras\u0131 dostluk gurubu ba\u015fkan\u0131 \u015eanl\u0131urfa Milletvekili Ramazan Ba\u015fak taraf\u0131ndan yap\u0131lan a\u00e7\u0131klamada, iki \u00fclke aras\u0131ndaki dostlu\u011fun ve ticari ili\u015fkilerin art\u0131r\u0131lmas\u0131 i\u00e7in gerekli \u00e7al\u0131\u015fmalar\u0131n yapmaya \u00e7al\u0131\u015ft\u0131klar\u0131n\u0131 ifade etti<\/span>.<\/span><\/span><\/p>\n","protected":false},"excerpt":{"rendered":"<p>UrfaHA-5 \u015eubat 2008 tarihinde T\u00fcrkiye S\u0131rbistan Parlamentolar Aras\u0131 Dostluk &#8230;. T\u00fcrkiye S\u0131rbistan Parlamentolar Aras\u0131 Dostluk Gurubu Ba\u015fkanl\u0131\u011f\u0131na se\u00e7ilen \u015eanl\u0131urfa Milletvekili Ramazan Ba\u015fak ilk resmi kabul\u00fcn\u00fc ger\u00e7ekle\u015ftirdi. UrfaHA-5 \u015eubat 2008 tarihinde T\u00fcrkiye S\u0131rbistan Parlamentolar Aras\u0131 Dostluk Gurubu Ba\u015fkanl\u0131\u011f\u0131na Se\u00e7ilen Ak Parti Genel Merkez Se\u00e7im \u0130\u015fleri Ba\u015fkan Yard\u0131mc\u0131s\u0131 Ve \u015eanl\u0131urfa Milletvekili Ramazan Ba\u015fak ilk S\u0131rbistan heyeti kabul\u00fcn\u00fc &hellip;<\/p>\n","protected":false},"author":1,"featured_media":0,"comment_status":"open","ping_status":"open","sticky":false,"template":"","format":"standard","meta":{"footnotes":""},"categories":[8],"tags":[],"class_list":["post-62","post","type-post","status-publish","format-standard","hentry","category-haberler-haberler"],"_links":{"self":[{"href":"https:\/\/www.ramazanbasak.com.tr\/index.php?rest_route=\/wp\/v2\/posts\/62","targetHints":{"allow":["GET"]}}],"collection":[{"href":"https:\/\/www.ramazanbasak.com.tr\/index.php?rest_route=\/wp\/v2\/posts"}],"about":[{"href":"https:\/\/www.ramazanbasak.com.tr\/index.php?rest_route=\/wp\/v2\/types\/post"}],"author":[{"embeddable":true,"href":"https:\/\/www.ramazanbasak.com.tr\/index.php?rest_route=\/wp\/v2\/users\/1"}],"replies":[{"embeddable":true,"href":"https:\/\/www.ramazanbasak.com.tr\/index.php?rest_route=%2Fwp%2Fv2%2Fcomments&post=62"}],"version-history":[{"count":0,"href":"https:\/\/www.ramazanbasak.com.tr\/index.php?rest_route=\/wp\/v2\/posts\/62\/revisions"}],"wp:attachment":[{"href":"https:\/\/www.ramazanbasak.com.tr\/index.php?rest_route=%2Fwp%2Fv2%2Fmedia&parent=62"}],"wp:term":[{"taxonomy":"category","embeddable":true,"href":"https:\/\/www.ramazanbasak.com.tr\/index.php?rest_route=%2Fwp%2Fv2%2Fcategories&post=62"},{"taxonomy":"post_tag","embeddable":true,"href":"https:\/\/www.ramazanbasak.com.tr\/index.php?rest_route=%2Fwp%2Fv2%2Ftags&post=62"}],"curies":[{"name":"wp","href":"https:\/\/api.w.org\/{rel}","templated":true}]}}