{"id":64,"date":"2008-04-21T22:00:00","date_gmt":"2008-04-21T19:00:00","guid":{"rendered":"https:\/\/www.ramazanbasak.com.tr\/basak-korkuya-gerek-yok"},"modified":"2008-04-21T22:00:00","modified_gmt":"2008-04-21T19:00:00","slug":"basak-korkuya-gerek-yok","status":"publish","type":"post","link":"https:\/\/www.ramazanbasak.com.tr\/?p=64","title":{"rendered":"BA\u015eAK: KORKUYA GEREK YOK"},"content":{"rendered":"<p style=\"text-align: justify\"><span style=\"font-size: 12px\"><b><span style=\"color: #313131\"><img loading=\"lazy\" decoding=\"async\" class=\" alignleft size-full wp-image-63\" height=\"104\" hspace=\"3\" width=\"150\" align=\"left\" vspace=\"3\" alt=\"\" src=\"https:\/\/www.ramazanbasak.com.tr\/wp-content\/uploads\/2008\/04\/1.jpg\" \/>Ak Parti \u015eanl\u0131urfa Milletvekili Ramazan Ba\u015fak 24 TV\u2019de yay\u0131nlanan Moderat\u00f6r ku\u015fa\u011f\u0131na kat\u0131ld\u0131.<\/p>\n<p> <\/span><\/b><\/span><\/p>\n<p style=\"text-align: justify\"><span style=\"font-size: 12px\"><span style=\"color: #313131\">Ge\u00e7ti\u011fimiz hafta Ankara\u2019da yay\u0131na kat\u0131lan Ba\u015fak \u201cYabanc\u0131lara m\u00fclk sat\u0131\u015f\u0131\u201d ile ilgili konuyu de\u011ferlendirdi. <\/span><\/span><span style=\"font-size: 12px\"><span style=\"color: #313131\">Ramazan Ba\u015fak konu\u015fmas\u0131nda Anayasa mahkemesinin iptal etti\u011fi Yabanc\u0131 \u015firketlerin m\u00fclk edindirilmesi ile ilgili yasaya de\u011finerek \u201cBu iptal \u00fczerine ilgili bakanlar kuruluna yeni bir teklif sunuldu.\u201d dedi.<\/p>\n<p> <\/span><\/span><\/p>\n<p style=\"text-align: justify\"><span style=\"font-size: 12px\"><span style=\"color: #313131\">Bu yasan\u0131n kendi h\u00fck\u00fcmetleri d\u00f6neminde \u00e7\u0131kmad\u0131\u011f\u0131n\u0131 hat\u0131rlatan Ba\u015fak \u201cBay\u0131nd\u0131rl\u0131k ve iskan bakanl\u0131\u011f\u0131n\u0131n elimde detayl\u0131 bilgi notlar\u0131 var. 2003 ve 2005 d\u00f6neminde yabanc\u0131lar\u0131n m\u00fclk edinimi 30 hektarla s\u0131n\u0131rl\u0131. Bug\u00fcn askeri ve g\u00fcvenlik b\u00f6lgelerinde yabanc\u0131lar m\u00fclk edinmeye sahip de\u011fil. Stratejik noktalara haiz alanlarda da m\u00fclk edinmeye sahip de\u011fil. Kald\u0131 ki yabanc\u0131lar\u0131n m\u00fclk edinme raporlar\u0131na g\u00f6re, T\u00fcrkiye\u2019deki yabanc\u0131lar\u0131n m\u00fclkleri komik derecede az. Neden korkuldu\u011funu halen anlam\u0131\u015f de\u011filim.\u201d diye konu\u015ftu.<\/span><\/span><\/p>\n","protected":false},"excerpt":{"rendered":"<p>Ak Parti \u015eanl\u0131urfa Milletvekili Ramazan Ba\u015fak 24 TV\u2019de yay\u0131nlanan Moderat\u00f6r ku\u015fa\u011f\u0131na kat\u0131ld\u0131. Ge\u00e7ti\u011fimiz hafta Ankara\u2019da yay\u0131na kat\u0131lan Ba\u015fak \u201cYabanc\u0131lara m\u00fclk sat\u0131\u015f\u0131\u201d ile ilgili konuyu de\u011ferlendirdi. Ramazan Ba\u015fak konu\u015fmas\u0131nda Anayasa mahkemesinin iptal etti\u011fi Yabanc\u0131 \u015firketlerin m\u00fclk edindirilmesi ile ilgili yasaya de\u011finerek \u201cBu iptal \u00fczerine ilgili bakanlar kuruluna yeni bir teklif sunuldu.\u201d dedi. Bu yasan\u0131n kendi h\u00fck\u00fcmetleri &hellip;<\/p>\n","protected":false},"author":1,"featured_media":63,"comment_status":"open","ping_status":"open","sticky":false,"template":"","format":"standard","meta":{"footnotes":""},"categories":[8],"tags":[],"class_list":["post-64","post","type-post","status-publish","format-standard","has-post-thumbnail","hentry","category-haberler-haberler"],"_links":{"self":[{"href":"https:\/\/www.ramazanbasak.com.tr\/index.php?rest_route=\/wp\/v2\/posts\/64","targetHints":{"allow":["GET"]}}],"collection":[{"href":"https:\/\/www.ramazanbasak.com.tr\/index.php?rest_route=\/wp\/v2\/posts"}],"about":[{"href":"https:\/\/www.ramazanbasak.com.tr\/index.php?rest_route=\/wp\/v2\/types\/post"}],"author":[{"embeddable":true,"href":"https:\/\/www.ramazanbasak.com.tr\/index.php?rest_route=\/wp\/v2\/users\/1"}],"replies":[{"embeddable":true,"href":"https:\/\/www.ramazanbasak.com.tr\/index.php?rest_route=%2Fwp%2Fv2%2Fcomments&post=64"}],"version-history":[{"count":0,"href":"https:\/\/www.ramazanbasak.com.tr\/index.php?rest_route=\/wp\/v2\/posts\/64\/revisions"}],"wp:featuredmedia":[{"embeddable":true,"href":"https:\/\/www.ramazanbasak.com.tr\/index.php?rest_route=\/wp\/v2\/media\/63"}],"wp:attachment":[{"href":"https:\/\/www.ramazanbasak.com.tr\/index.php?rest_route=%2Fwp%2Fv2%2Fmedia&parent=64"}],"wp:term":[{"taxonomy":"category","embeddable":true,"href":"https:\/\/www.ramazanbasak.com.tr\/index.php?rest_route=%2Fwp%2Fv2%2Fcategories&post=64"},{"taxonomy":"post_tag","embeddable":true,"href":"https:\/\/www.ramazanbasak.com.tr\/index.php?rest_route=%2Fwp%2Fv2%2Ftags&post=64"}],"curies":[{"name":"wp","href":"https:\/\/api.w.org\/{rel}","templated":true}]}}