{"id":66,"date":"2008-06-19T22:00:00","date_gmt":"2008-06-19T19:00:00","guid":{"rendered":"https:\/\/www.ramazanbasak.com.tr\/basak-tjk-tvde"},"modified":"2008-06-19T22:00:00","modified_gmt":"2008-06-19T19:00:00","slug":"basak-tjk-tvde","status":"publish","type":"post","link":"https:\/\/www.ramazanbasak.com.tr\/?p=66","title":{"rendered":"BA\u015eAK TJK TV&#8217;DE"},"content":{"rendered":"<p style=\"text-align: justify\"><span style=\"font-size: 12px\"><b><span style=\"color: #313131\"><img loading=\"lazy\" decoding=\"async\" class=\" alignleft size-full wp-image-65\" height=\"150\" hspace=\"3\" width=\"150\" align=\"left\" vspace=\"3\" alt=\"\" src=\"https:\/\/www.ramazanbasak.com.tr\/wp-content\/uploads\/2008\/06\/2.jpg\" \/>Ak Parti Se\u00e7im \u0130\u015fleri B\u015fk. Yrd. ve \u015eanl\u0131urfa Milletvekili Ramazan Ba\u015fak\u2019 \u0131n giri\u015fimleri ile gelen T\u00fcrkiye Jokey Kul\u00fcb\u00fc TV \u015eanl\u0131urfa\u2019 n\u0131n tan\u0131t\u0131lmas\u0131na katk\u0131 sa\u011flad\u0131.<\/span><\/b><span style=\"color: #313131\"><\/p>\n<p> <\/span><span style=\"color: #313131\">Tjk Tv de ge\u00e7ti\u011fimiz hafta yay\u0131nlanan Ayl\u0131k G\u00fcndem program\u0131n\u0131n May\u0131s ay\u0131 b\u00f6l\u00fcm\u00fcnde \u015eanl\u0131urfa\u2019 daki at\u00e7\u0131l\u0131k ve \u015eanl\u0131urfa\u2019 n\u0131n T\u00fcrkiye at\u00e7\u0131l\u0131\u011f\u0131ndaki&#160;yerine ve \u00f6nemine de\u011finildi.. Bunun yan\u0131 s\u0131ra \u015eanl\u0131urfa\u2019 n\u0131n da tarihi ve do\u011fa g\u00fczelliklerinin anlat\u0131ld\u0131\u011f\u0131 programda \u015eanl\u0131urfa Milletvekili Ramazan Ba\u015fak at yeti\u015ftiricili\u011fi ve bu sekt\u00f6r\u00fcn \u015eanl\u0131urfa a\u00e7\u0131s\u0131ndan T\u00fcrkiye ekonomisine katk\u0131lar\u0131ndan bahsetti. Ba\u015fak, at\u00e7\u0131l\u0131\u011f\u0131n sorunlar\u0131na da bir an \u00f6nce \u00e7\u00f6z\u00fcm bulunmas\u0131 i\u00e7in gerekli giri\u015fimlerin yap\u0131laca\u011f\u0131n\u0131 belirten Ba\u015fak, at\u00e7\u0131l\u0131\u011f\u0131n \u015eanl\u0131urfa i\u00e7in \u00f6nemli bir gelir kayna\u011f\u0131 oldu\u011funu belirtti. Ba\u015fak, T\u00fcrkiye deki iki haradan birinin sadece \u015eanl\u0131urfa da oldu\u011funu, bu sayede bu sekt\u00f6rdeki herkes i\u00e7in yarat\u0131lan istihdam ve \u015eanl\u0131urfa\u2019 ya giri\u015f yapan paran\u0131n daha yararl\u0131 kullan\u0131lmas\u0131 gerekti\u011fini, bu konuda da \u00fczerine d\u00fc\u015fen her t\u00fcrl\u00fc g\u00f6revi yerine getirece\u011fini belirten Ba\u015fak, daha sonra programda da de\u011findi\u011fi gibi GAP\u2019 \u0131n sadece \u015eanl\u0131urfa i\u00e7in de\u011fil b\u00fct\u00fcn T\u00fcrkiye\u2019 nin projesi oldu\u011funu, tam anlam\u0131yla faaliyete ge\u00e7ti\u011finde yarat\u0131lacak istihdamla t\u00fcm T\u00fcrkiye\u2019 deki i\u015fsizli\u011fin b\u00fcy\u00fck \u00f6l\u00e7\u00fcde \u00f6n\u00fcne ge\u00e7ilece\u011fini ifade etti. Ba\u015fak, GAP\u2019 la ilgili olarak de\u011ferlendirmeleri s\u0131ras\u0131nda susuzlu\u011fa da de\u011finerek \u015fu g\u00fcnlerde g\u00fcndemde olan Suru\u00e7 Sulama Projesi, Bozova Sulama Projesi ve di\u011fer \u015eanl\u0131urfa Sulama Projelerinden de bahseden Ba\u015fak, medyada s\u0131k s\u0131k yay\u0131nlanan Suru\u00e7 Sulama Projesinin ilk etab\u0131 ve plan\u0131n\u0131n onay\u0131n\u0131n al\u0131nd\u0131\u011f\u0131n\u0131 ve en k\u0131sa zamanda derken zaman vermekten de ka\u00e7\u0131nmayan Ba\u015fak&#160;2008 in sonuna kadar bu projenin start\u0131n\u0131n verilece\u011fini ve Say\u0131n Ba\u015fbakan\u0131m\u0131z\u0131nda GAP Eylem Plan\u0131nda ifade etti\u011fi gibi GAP \u0131n i\u00e7inde yer alan bu projeninde 2012 y\u0131l\u0131 itibariyle tamam\u0131n\u0131n bitirilece\u011fini s\u00f6zlerine ekledi.<\/span><\/span><\/p>\n","protected":false},"excerpt":{"rendered":"<p>Ak Parti Se\u00e7im \u0130\u015fleri B\u015fk. Yrd. ve \u015eanl\u0131urfa Milletvekili Ramazan Ba\u015fak\u2019 \u0131n giri\u015fimleri ile gelen T\u00fcrkiye Jokey Kul\u00fcb\u00fc TV \u015eanl\u0131urfa\u2019 n\u0131n tan\u0131t\u0131lmas\u0131na katk\u0131 sa\u011flad\u0131. Tjk Tv de ge\u00e7ti\u011fimiz hafta yay\u0131nlanan Ayl\u0131k G\u00fcndem program\u0131n\u0131n May\u0131s ay\u0131 b\u00f6l\u00fcm\u00fcnde \u015eanl\u0131urfa\u2019 daki at\u00e7\u0131l\u0131k ve \u015eanl\u0131urfa\u2019 n\u0131n T\u00fcrkiye at\u00e7\u0131l\u0131\u011f\u0131ndaki&#160;yerine ve \u00f6nemine de\u011finildi.. Bunun yan\u0131 s\u0131ra \u015eanl\u0131urfa\u2019 n\u0131n da tarihi ve &hellip;<\/p>\n","protected":false},"author":1,"featured_media":65,"comment_status":"open","ping_status":"open","sticky":false,"template":"","format":"standard","meta":{"footnotes":""},"categories":[8],"tags":[],"class_list":["post-66","post","type-post","status-publish","format-standard","has-post-thumbnail","hentry","category-haberler-haberler"],"_links":{"self":[{"href":"https:\/\/www.ramazanbasak.com.tr\/index.php?rest_route=\/wp\/v2\/posts\/66","targetHints":{"allow":["GET"]}}],"collection":[{"href":"https:\/\/www.ramazanbasak.com.tr\/index.php?rest_route=\/wp\/v2\/posts"}],"about":[{"href":"https:\/\/www.ramazanbasak.com.tr\/index.php?rest_route=\/wp\/v2\/types\/post"}],"author":[{"embeddable":true,"href":"https:\/\/www.ramazanbasak.com.tr\/index.php?rest_route=\/wp\/v2\/users\/1"}],"replies":[{"embeddable":true,"href":"https:\/\/www.ramazanbasak.com.tr\/index.php?rest_route=%2Fwp%2Fv2%2Fcomments&post=66"}],"version-history":[{"count":0,"href":"https:\/\/www.ramazanbasak.com.tr\/index.php?rest_route=\/wp\/v2\/posts\/66\/revisions"}],"wp:featuredmedia":[{"embeddable":true,"href":"https:\/\/www.ramazanbasak.com.tr\/index.php?rest_route=\/wp\/v2\/media\/65"}],"wp:attachment":[{"href":"https:\/\/www.ramazanbasak.com.tr\/index.php?rest_route=%2Fwp%2Fv2%2Fmedia&parent=66"}],"wp:term":[{"taxonomy":"category","embeddable":true,"href":"https:\/\/www.ramazanbasak.com.tr\/index.php?rest_route=%2Fwp%2Fv2%2Fcategories&post=66"},{"taxonomy":"post_tag","embeddable":true,"href":"https:\/\/www.ramazanbasak.com.tr\/index.php?rest_route=%2Fwp%2Fv2%2Ftags&post=66"}],"curies":[{"name":"wp","href":"https:\/\/api.w.org\/{rel}","templated":true}]}}