{"id":68,"date":"2008-07-04T22:00:00","date_gmt":"2008-07-04T19:00:00","guid":{"rendered":"https:\/\/www.ramazanbasak.com.tr\/basak-belediyeler-icin-konustu"},"modified":"2008-07-04T22:00:00","modified_gmt":"2008-07-04T19:00:00","slug":"basak-belediyeler-icin-konustu","status":"publish","type":"post","link":"https:\/\/www.ramazanbasak.com.tr\/?p=68","title":{"rendered":"BA\u015eAK BELED\u0130YELER \u0130\u00c7\u0130N KONU\u015eTU&#8230;"},"content":{"rendered":"<p style=\"text-align: justify\"><span style=\"font-family: Tahoma\"><span style=\"font-size: 12px\"><b><span style=\"color: #313131\"><img loading=\"lazy\" decoding=\"async\" class=\" alignleft size-full wp-image-67\" height=\"104\" alt=\"\" hspace=\"3\" width=\"150\" align=\"left\" vspace=\"3\" src=\"https:\/\/www.ramazanbasak.com.tr\/wp-content\/uploads\/2008\/07\/3.jpg\" \/>\u015eanl\u0131urfa Milletvekili Ramazan BA\u015eAK TRT3 TBMM TV de belediye ve \u00f6zel idareler hakk\u0131nda konu\u015fma yapt\u0131&#8230;.<\/p>\n<p> <\/span><\/b><\/span><\/span><\/p>\n<p style=\"text-align: justify\"><span style=\"font-family: Tahoma\"><span style=\"font-size: 12px\"><span style=\"color: #313131\">\u015eanl\u0131urfa Milltvekili AK Parti Genel Merkez Se\u00e7im \u0130\u015fleri Ba\u015fkan Yard\u0131mc\u0131s\u0131 Ramazan BA\u015eAK&#160;\u015eanl\u0131urfam\u0131z\u0131n k\u00f6y\u00fcnden il\u00e7esine \u015fehir merkezine kadar ilimiz ve belediyelerimiz i\u00e7in \u00f6nemli olan&#160;belediye ve il \u00f6zel idarelerine genel b\u00fct\u00e7e vergi paylar\u0131ndan verilmesi hakk\u0131ndaki kanunu ile ilgili konu\u015ftu.<\/p>\n<p> <\/span><\/span><\/span><\/p>\n<p style=\"text-align: justify\"><span style=\"font-family: Tahoma\"><span style=\"font-size: 12px\"><span style=\"color: #313131\">Meclis k\u00fcrs\u00fcs\u00fcnden seslenen Ba\u015fak, bu kanunun \u015eanl\u0131urfa n\u0131n da i\u00e7inde bulundu\u011fu bir\u00e7ok belediye ve il \u00f6zel idarenin vatanda\u015fa daha \u00e7ok hizmet vermesi i\u00e7in d\u00fczenlendi\u011fini ifade etti. Konu\u015fmas\u0131nda Recep Tayyip Erdo\u011fan&#8217; \u0131n 1994 de \u0130stanbul Belediye Ba\u015fkan\u0131 se\u00e7ilmesiyle belediyelerdeki hizmet anlay\u0131\u015f\u0131n\u0131n de\u011fi\u015fti\u011fini, AK Partinin 3 Kas\u0131m 2002 de iktidara geldikten sonra da bu anlay\u0131\u015f\u0131n peki\u015ftirildi\u011fine&#160;dikkat \u00e7ekti. Oyunun evet olaca\u011f\u0131n\u0131 belirten Ba\u015fak k\u00fcrs\u00fcden indikten sonra&#160;kendisiyle ger\u00e7ekle\u015ftirilen g\u00f6r\u00fc\u015fmede Ba\u015fak&#8217; a yerel se\u00e7imler hakk\u0131ndaki d\u00fc\u015f\u00fcnceleri soruldu\u011funda, Ba\u015fak, iktidarlar\u0131n\u0131n bug\u00fcne kadar yapt\u0131klar\u0131n\u0131n ortada oldu\u011funu vatanda\u015flar\u0131n memnun oldu\u011funu ve se\u00e7imlerden muhakkak galip \u00e7\u0131kacaklar\u0131n\u0131, se\u00e7im sonras\u0131 programlar\u0131n\u0131n da bug\u00fcnden daha iyiye ve daha g\u00fczele&#160;gitmek oldu\u011funu ifade etti. Ba\u015fak, s\u00f6zlerine&#160;biraz \u00f6nce meclisten ge\u00e7en yasay\u0131 \u015eanl\u0131urfa Belediye ba\u015fkan\u0131, il genel meclis \u00fcyeleri, belediye meclis \u00fcyeleri, muhtarlar i\u00e7in \u00e7\u0131kard\u0131klar\u0131n\u0131, \u015eanl\u0131urfa ba\u015fta olmak \u00fczere milletimizin daha iyi hizmet alabilmesi i\u00e7in bug\u00fcn oldu\u011fu gibi bundan sonrada \u00e7al\u0131\u015facaklar\u0131n\u0131 s\u00f6yledi.<\/span><\/span><\/span><\/p>\n<p style=\"text-align: justify\"><span style=\"font-family: Tahoma\"><span style=\"font-size: 12px\">&#160;<\/span><\/span><\/p>\n<p style=\"text-align: justify\"><span style=\"font-family: Tahoma\"><span style=\"font-size: 12px\"><span style=\"color: #313131\">Ba\u015fak, \u015fehrimize belediyecilik anlam\u0131nda ve yerel y\u00f6netimlerde hizmet eden t\u00fcm yetkililere te\u015fekk\u00fcr etti\u011fini ifade ederek s\u00f6zlerine son verdi.<\/span><\/span><\/span><\/p>\n","protected":false},"excerpt":{"rendered":"<p>\u015eanl\u0131urfa Milletvekili Ramazan BA\u015eAK TRT3 TBMM TV de belediye ve \u00f6zel idareler hakk\u0131nda konu\u015fma yapt\u0131&#8230;. \u015eanl\u0131urfa Milltvekili AK Parti Genel Merkez Se\u00e7im \u0130\u015fleri Ba\u015fkan Yard\u0131mc\u0131s\u0131 Ramazan BA\u015eAK&#160;\u015eanl\u0131urfam\u0131z\u0131n k\u00f6y\u00fcnden il\u00e7esine \u015fehir merkezine kadar ilimiz ve belediyelerimiz i\u00e7in \u00f6nemli olan&#160;belediye ve il \u00f6zel idarelerine genel b\u00fct\u00e7e vergi paylar\u0131ndan verilmesi hakk\u0131ndaki kanunu ile ilgili konu\u015ftu. Meclis k\u00fcrs\u00fcs\u00fcnden seslenen &hellip;<\/p>\n","protected":false},"author":1,"featured_media":67,"comment_status":"open","ping_status":"open","sticky":false,"template":"","format":"standard","meta":{"footnotes":""},"categories":[8],"tags":[],"class_list":["post-68","post","type-post","status-publish","format-standard","has-post-thumbnail","hentry","category-haberler-haberler"],"_links":{"self":[{"href":"https:\/\/www.ramazanbasak.com.tr\/index.php?rest_route=\/wp\/v2\/posts\/68","targetHints":{"allow":["GET"]}}],"collection":[{"href":"https:\/\/www.ramazanbasak.com.tr\/index.php?rest_route=\/wp\/v2\/posts"}],"about":[{"href":"https:\/\/www.ramazanbasak.com.tr\/index.php?rest_route=\/wp\/v2\/types\/post"}],"author":[{"embeddable":true,"href":"https:\/\/www.ramazanbasak.com.tr\/index.php?rest_route=\/wp\/v2\/users\/1"}],"replies":[{"embeddable":true,"href":"https:\/\/www.ramazanbasak.com.tr\/index.php?rest_route=%2Fwp%2Fv2%2Fcomments&post=68"}],"version-history":[{"count":0,"href":"https:\/\/www.ramazanbasak.com.tr\/index.php?rest_route=\/wp\/v2\/posts\/68\/revisions"}],"wp:featuredmedia":[{"embeddable":true,"href":"https:\/\/www.ramazanbasak.com.tr\/index.php?rest_route=\/wp\/v2\/media\/67"}],"wp:attachment":[{"href":"https:\/\/www.ramazanbasak.com.tr\/index.php?rest_route=%2Fwp%2Fv2%2Fmedia&parent=68"}],"wp:term":[{"taxonomy":"category","embeddable":true,"href":"https:\/\/www.ramazanbasak.com.tr\/index.php?rest_route=%2Fwp%2Fv2%2Fcategories&post=68"},{"taxonomy":"post_tag","embeddable":true,"href":"https:\/\/www.ramazanbasak.com.tr\/index.php?rest_route=%2Fwp%2Fv2%2Ftags&post=68"}],"curies":[{"name":"wp","href":"https:\/\/api.w.org\/{rel}","templated":true}]}}