{"id":7,"date":"2008-04-08T22:00:00","date_gmt":"2008-04-08T19:00:00","guid":{"rendered":"https:\/\/www.ramazanbasak.com.tr\/basak-urfa-destanini-anlatti"},"modified":"2008-04-08T22:00:00","modified_gmt":"2008-04-08T19:00:00","slug":"basak-urfa-destanini-anlatti","status":"publish","type":"post","link":"https:\/\/www.ramazanbasak.com.tr\/?p=7","title":{"rendered":"BA\u015eAK URFA DESTANINI ANLATTI"},"content":{"rendered":"<p align=\"justify\"><span style=\"font-size: 12px\">Ak Parti \u015eanl\u0131urfa milletvekili Ramazan Ba\u015fak d\u00fcn T\u00fcrkiye B\u00fcy\u00fck Millet Meclisinde g\u00fcndem d\u0131\u015f\u0131 yapt\u0131\u011f\u0131 konu\u015fmada Urfa\u2019n\u0131n kurtulu\u015f sava\u015f\u0131n\u0131 anlatt\u0131.<\/p>\n<p> <\/span><\/p>\n<p align=\"justify\"><span style=\"font-size: 12px\">Kurtulu\u015f sava\u015f\u0131 y\u0131llar\u0131nda D\u0131\u015f g\u00fc\u00e7lerin \u015eanl\u0131urfa\u2019daki a\u015firetleri birbirine d\u00fc\u015f\u00fcrmek i\u00e7in entrikalarla b\u00f6lmek istedi\u011fini aktaran Ramazan Ba\u015fak, \u201cSizleri Suru\u00e7 ovas\u0131n\u0131, Gaziantep\u2019i Diyarbak\u0131r\u2019\u0131 g\u00f6rmeye davet ediyorum. Urfa 31 Ekim 1919\u2019da Frans\u0131zlar taraf\u0131ndan i\u015fgal edildi. \u015eanl\u0131urfa halk\u0131 \u00fczerinde oynanan en b\u00fcy\u00fck silah, nifak ve fitne silah\u0131 olmu\u015ftur. \u015eanl\u0131urfa halk\u0131n\u0131 k\u00fcrt a\u015firetiydi, arap a\u015firetiydi, t\u00fcrk a\u015firetiydi diye birbirine d\u00fc\u015f\u00fcrmeye \u00e7al\u0131\u015ft\u0131lar. Ama atalar\u0131m\u0131z\u0131n hi\u00e7 biri bu fitne ve oyunlara gelmediler. Bak\u0131n aradan 88 y\u0131l ge\u00e7ti yine ayn\u0131 oyunla o birlik ve beraberli\u011fi bozmaya \u00e7al\u0131\u015f\u0131yorlar. Ama 88 y\u0131l \u00f6nceki Atam ne yapt\u0131ysa \u015fimdi torunlar\u0131 da ayn\u0131 yolu izliyor. D\u0131\u015f g\u00fc\u00e7lerin bu oyununa gelmeyecektir.\u201d dedi. <!--more-->  Urfa\u2019daki a\u015firetlerin o y\u0131llarda Frans\u0131zlara kar\u015f\u0131 bir \u00fcltimatom verdiklerini hat\u0131rlatan Ba\u015fak \u201cSuru\u00e7\u2019taki, Siverek\u2019teki a\u015firetler 7 \u015eubat 1920\u2019de Frans\u0131zlara bir \u00fcltimatom veriyorlar. Haf\u0131zalar\u0131m\u0131z\u0131 tazelemek i\u00e7in aynen tekrarlamak istiyorum. Mondros m\u00fctarekesine ayk\u0131r\u0131 olarak memleketi sebepsiz i\u015fgalinizi \u015fiddetle protesto ediyoruz. \u0130\u015fgal etti\u011finiz yerleri k\u0131sa s\u00fcrede bo\u015faltman\u0131z\u0131 bo\u015faltmad\u0131\u011f\u0131n\u0131z takdirde zorla sava\u015farak \u00e7\u0131kart\u0131laca\u011f\u0131n\u0131z\u0131, bu suretle akacak kanlar\u0131n sorumlulu\u011fu tamamen size olacak demi\u015f atalar\u0131m\u0131z. Frans\u0131zlar\u0131n topuna &#160;kar\u015f\u0131 Urfa\u2019da &#160;birbirini karde\u015f\u00e7e seven bir halk vard\u0131.\u201d diye konu\u015ftu.<br \/> <\/span><\/p>\n<p align=\"justify\"><span style=\"font-size: 12px\">\u201cY\u00fczy\u0131llard\u0131r karde\u015f\u00e7e ya\u015fayan T\u00fcrk\u2019\u00fcn K\u00fcrt\u2019\u00fcn, Arab\u2019\u0131n, Sunni\u2019nin &#160;Alevi\u2019nin en b\u00fcy\u00fck eseri Kurtulu\u015f sava\u015f\u0131nda ortaya \u00e7\u0131kan T\u00fcrkiye Cumhuriyetidir.\u201d diyen Ramazan Ba\u015fak &#160;s\u00f6zlerini \u015f\u00f6yle bitirdi. \u201cAllah\u2019\u0131n izniyle, yine bahsi ge\u00e7en kesimlerle ilelebet ya\u015fayacakt\u0131r.<br \/> <\/span><\/p>\n<p align=\"justify\"><span style=\"font-size: 12px\">T\u00fcm Hem\u015fehrilerimin 11 Nisan Kurtulu\u015f bayram\u0131n\u0131 kutluyorum. T\u00fcm \u015eehitlerimizi minnetle an\u0131yorum.\u201d<\/p>\n<p> Not:Haber <a href=\"http:\/\/www.ajansurfa.com\">www.ajansurfa.com<\/a> dan ald\u0131nt\u0131d\u0131r.<\/span><\/p>\n","protected":false},"excerpt":{"rendered":"<p>Ak Parti \u015eanl\u0131urfa milletvekili Ramazan Ba\u015fak d\u00fcn T\u00fcrkiye B\u00fcy\u00fck Millet Meclisinde g\u00fcndem d\u0131\u015f\u0131 yapt\u0131\u011f\u0131 konu\u015fmada Urfa\u2019n\u0131n kurtulu\u015f sava\u015f\u0131n\u0131 anlatt\u0131. Kurtulu\u015f sava\u015f\u0131 y\u0131llar\u0131nda D\u0131\u015f g\u00fc\u00e7lerin \u015eanl\u0131urfa\u2019daki a\u015firetleri birbirine d\u00fc\u015f\u00fcrmek i\u00e7in entrikalarla b\u00f6lmek istedi\u011fini aktaran Ramazan Ba\u015fak, \u201cSizleri Suru\u00e7 ovas\u0131n\u0131, Gaziantep\u2019i Diyarbak\u0131r\u2019\u0131 g\u00f6rmeye davet ediyorum. Urfa 31 Ekim 1919\u2019da Frans\u0131zlar taraf\u0131ndan i\u015fgal edildi. \u015eanl\u0131urfa halk\u0131 \u00fczerinde oynanan &hellip;<\/p>\n","protected":false},"author":1,"featured_media":0,"comment_status":"open","ping_status":"open","sticky":false,"template":"","format":"standard","meta":{"footnotes":""},"categories":[8],"tags":[],"class_list":["post-7","post","type-post","status-publish","format-standard","hentry","category-haberler-haberler"],"_links":{"self":[{"href":"https:\/\/www.ramazanbasak.com.tr\/index.php?rest_route=\/wp\/v2\/posts\/7","targetHints":{"allow":["GET"]}}],"collection":[{"href":"https:\/\/www.ramazanbasak.com.tr\/index.php?rest_route=\/wp\/v2\/posts"}],"about":[{"href":"https:\/\/www.ramazanbasak.com.tr\/index.php?rest_route=\/wp\/v2\/types\/post"}],"author":[{"embeddable":true,"href":"https:\/\/www.ramazanbasak.com.tr\/index.php?rest_route=\/wp\/v2\/users\/1"}],"replies":[{"embeddable":true,"href":"https:\/\/www.ramazanbasak.com.tr\/index.php?rest_route=%2Fwp%2Fv2%2Fcomments&post=7"}],"version-history":[{"count":0,"href":"https:\/\/www.ramazanbasak.com.tr\/index.php?rest_route=\/wp\/v2\/posts\/7\/revisions"}],"wp:attachment":[{"href":"https:\/\/www.ramazanbasak.com.tr\/index.php?rest_route=%2Fwp%2Fv2%2Fmedia&parent=7"}],"wp:term":[{"taxonomy":"category","embeddable":true,"href":"https:\/\/www.ramazanbasak.com.tr\/index.php?rest_route=%2Fwp%2Fv2%2Fcategories&post=7"},{"taxonomy":"post_tag","embeddable":true,"href":"https:\/\/www.ramazanbasak.com.tr\/index.php?rest_route=%2Fwp%2Fv2%2Ftags&post=7"}],"curies":[{"name":"wp","href":"https:\/\/api.w.org\/{rel}","templated":true}]}}