{"id":70,"date":"2008-07-23T22:00:00","date_gmt":"2008-07-23T19:00:00","guid":{"rendered":"https:\/\/www.ramazanbasak.com.tr\/basak-millet-icin-konustu"},"modified":"2008-07-23T22:00:00","modified_gmt":"2008-07-23T19:00:00","slug":"basak-millet-icin-konustu","status":"publish","type":"post","link":"https:\/\/www.ramazanbasak.com.tr\/?p=70","title":{"rendered":"BA\u015eAK M\u0130LLET \u0130\u00c7\u0130N KONU\u015eTU&#8230;"},"content":{"rendered":"<p style=\"text-align: justify\"><span style=\"font-size: 12px\"><b><span style=\"color: #313131\"><img loading=\"lazy\" decoding=\"async\" class=\" alignleft size-full wp-image-69\" height=\"104\" hspace=\"3\" width=\"150\" align=\"left\" vspace=\"3\" alt=\"\" src=\"https:\/\/www.ramazanbasak.com.tr\/wp-content\/uploads\/2008\/07\/4.jpg\" \/>Ramazan Ba\u015fak TRT3 Meclis Tv de genel se\u00e7imlerin ard\u0131ndan ge\u00e7en bir seneyi de\u011ferlendirdi&#8230;.<\/span><\/b><\/span><\/p>\n<p> <span style=\"font-family: Tahoma\"><span style=\"font-size: 12px\"><span style=\"color: #313131\">AK Parti Se\u00e7im \u0130\u015fleri Ba\u015fkan Yard\u0131mc\u0131s\u0131, \u015eanl\u0131urfa Milletvekili Ramazan Ba\u015fak ge\u00e7ti\u011fimiz sal\u0131 g\u00fcn\u00fc meclis genel kurulunda 22 Temmuz 2007 genel se\u00e7imlerinden bug\u00fcne kadar ge\u00e7en zaman hakk\u0131nda konu\u015fma yapt\u0131. Ba\u015fak, 1950, 1965, 1983 se\u00e7imlerinde oldu\u011fu gibi 2007 milletvekili se\u00e7imlerinde de milletin hakimiyetin kendisinde oldu\u011funu g\u00f6sterdi\u011fini vurgulad\u0131. Ba\u015fak, b\u00fct\u00fcn bu se\u00e7imlerde halk\u0131n karar\u0131n\u0131 bir tokat, bir balyoz gibi verdi\u011fini s\u00f6yledi. Ba\u015fak&#8217; \u0131n bu s\u00f6zleri \u00fczerine muhalefet s\u0131ralar\u0131ndan tepki geldi. Ba\u015fak, mensubu oldu\u011fu AK Partinin \u015eanl\u0131urfa&#8217; dan Edirne&#8217; ye kadar t\u00fcm T\u00fcrkiye&#8217; yi kucaklad\u0131\u011f\u0131n\u0131 ve ge\u00e7en s\u00fcre zarf\u0131nda da bunu g\u00f6sterdiklerini ifade edip, te\u015fekk\u00fcr ederek k\u00fcrs\u00fcden ayr\u0131ld\u0131<\/span>.<\/span><\/span><\/p>\n","protected":false},"excerpt":{"rendered":"<p>Ramazan Ba\u015fak TRT3 Meclis Tv de genel se\u00e7imlerin ard\u0131ndan ge\u00e7en bir seneyi de\u011ferlendirdi&#8230;. AK Parti Se\u00e7im \u0130\u015fleri Ba\u015fkan Yard\u0131mc\u0131s\u0131, \u015eanl\u0131urfa Milletvekili Ramazan Ba\u015fak ge\u00e7ti\u011fimiz sal\u0131 g\u00fcn\u00fc meclis genel kurulunda 22 Temmuz 2007 genel se\u00e7imlerinden bug\u00fcne kadar ge\u00e7en zaman hakk\u0131nda konu\u015fma yapt\u0131. Ba\u015fak, 1950, 1965, 1983 se\u00e7imlerinde oldu\u011fu gibi 2007 milletvekili se\u00e7imlerinde de milletin hakimiyetin kendisinde &hellip;<\/p>\n","protected":false},"author":1,"featured_media":69,"comment_status":"open","ping_status":"open","sticky":false,"template":"","format":"standard","meta":{"footnotes":""},"categories":[8],"tags":[],"class_list":["post-70","post","type-post","status-publish","format-standard","has-post-thumbnail","hentry","category-haberler-haberler"],"_links":{"self":[{"href":"https:\/\/www.ramazanbasak.com.tr\/index.php?rest_route=\/wp\/v2\/posts\/70","targetHints":{"allow":["GET"]}}],"collection":[{"href":"https:\/\/www.ramazanbasak.com.tr\/index.php?rest_route=\/wp\/v2\/posts"}],"about":[{"href":"https:\/\/www.ramazanbasak.com.tr\/index.php?rest_route=\/wp\/v2\/types\/post"}],"author":[{"embeddable":true,"href":"https:\/\/www.ramazanbasak.com.tr\/index.php?rest_route=\/wp\/v2\/users\/1"}],"replies":[{"embeddable":true,"href":"https:\/\/www.ramazanbasak.com.tr\/index.php?rest_route=%2Fwp%2Fv2%2Fcomments&post=70"}],"version-history":[{"count":0,"href":"https:\/\/www.ramazanbasak.com.tr\/index.php?rest_route=\/wp\/v2\/posts\/70\/revisions"}],"wp:featuredmedia":[{"embeddable":true,"href":"https:\/\/www.ramazanbasak.com.tr\/index.php?rest_route=\/wp\/v2\/media\/69"}],"wp:attachment":[{"href":"https:\/\/www.ramazanbasak.com.tr\/index.php?rest_route=%2Fwp%2Fv2%2Fmedia&parent=70"}],"wp:term":[{"taxonomy":"category","embeddable":true,"href":"https:\/\/www.ramazanbasak.com.tr\/index.php?rest_route=%2Fwp%2Fv2%2Fcategories&post=70"},{"taxonomy":"post_tag","embeddable":true,"href":"https:\/\/www.ramazanbasak.com.tr\/index.php?rest_route=%2Fwp%2Fv2%2Ftags&post=70"}],"curies":[{"name":"wp","href":"https:\/\/api.w.org\/{rel}","templated":true}]}}