{"id":72,"date":"2008-08-06T22:00:00","date_gmt":"2008-08-06T19:00:00","guid":{"rendered":"https:\/\/www.ramazanbasak.com.tr\/basak%e2%80%99tan-esnaf-ziyareti"},"modified":"2008-08-06T22:00:00","modified_gmt":"2008-08-06T19:00:00","slug":"basak%e2%80%99tan-esnaf-ziyareti","status":"publish","type":"post","link":"https:\/\/www.ramazanbasak.com.tr\/?p=72","title":{"rendered":"BA\u015eAK\u2019TAN ESNAF Z\u0130YARET\u0130"},"content":{"rendered":"<p style=\"text-align: justify\"><span style=\"font-size: 12px\"><span style=\"color: #313131; font-family: &quot;Arial&quot;,&quot;sans-serif&quot;; mso-fareast-font-family: 'Times New Roman'; mso-ansi-language: TR; mso-fareast-language: TR; mso-bidi-language: AR-SA\"><strong><img loading=\"lazy\" decoding=\"async\" class=\" alignleft size-full wp-image-71\" height=\"104\" alt=\"\" hspace=\"3\" width=\"150\" align=\"left\" vspace=\"3\" src=\"https:\/\/www.ramazanbasak.com.tr\/wp-content\/uploads\/2008\/08\/5.jpg\" \/>Meclisin tatile girmesiyle birlikte yo\u011fun bir g\u00fcndemin ard\u0131ndan se\u00e7im b\u00f6lgesine gelen Milletvekili Ramazan Ba\u015fak esnaf guruplar\u0131n\u0131 ziyaret ederek g\u00f6r\u00fc\u015f al\u0131\u015fveri\u015finde bulundu.<\/strong><\/span><span style=\"color: #313131; font-family: &quot;Arial&quot;,&quot;sans-serif&quot;; mso-fareast-font-family: 'Times New Roman'; mso-ansi-language: TR; mso-fareast-language: TR; mso-bidi-language: AR-SA\"><\/p>\n<p> \u015eanl\u0131urfa\u2019da \u00e7e\u015fitli esnaf ziyaretlerinde bulunarak s\u0131k\u0131nt\u0131lar\u0131n\u0131 dinleyip \u00e7\u00f6z\u00fcm \u00f6nerilerinde bulunan Milletvekili Ramazan Ba\u015fak kapatma davas\u0131nda \u00e7\u0131kan olumlu sonucun t\u00fcm T\u00fcrkiye\u2019de oldu\u011fu gibi \u015eanl\u0131urfa\u2019da da piyasalardaki belirsizli\u011fi ortadan kald\u0131rarak \u00f6nemli bir rahatlama sa\u011flad\u0131\u011f\u0131n\u0131 belirtti. Ba\u015fak yapt\u0131\u011f\u0131 a\u00e7\u0131klamada \u201cmilletin en \u00e7ok istedi\u011fi mahkeme karar\u0131ndan sonra T\u00fcrkiye\u2019nin partisi olan Ak Parti\u2019nin kapanmama karar\u0131ndan sonra milletvekilleri olarak Anadolu\u2019ya da\u011f\u0131ld\u0131k. \u015eu anda Kapakl\u0131 Pasaj\u0131\u2019nda esnaf\u0131m\u0131zla kucakla\u015f\u0131yoruz. \u0130ktidar\u0131m\u0131z\u0131n bu a\u015famadan sonra en b\u00fcy\u00fck hedefi ekonomidir. Global krizden kaynaklanan krizleri gidermek i\u00e7in \u00e7al\u0131\u015faca\u011f\u0131z. 70 milyonun g\u00fcc\u00fc deste\u011fi ve duas\u0131 Say\u0131n Ba\u015fbakan\u0131m\u0131z\u0131n arkas\u0131nda oldu\u011fu s\u00fcrece \u00fclkemizde \u00e7\u00f6z\u00fclmeyecek sorun kalmayacakt\u0131r\u201d dedi. (UrfaHA)<\/span><\/span><\/p>\n","protected":false},"excerpt":{"rendered":"<p>Meclisin tatile girmesiyle birlikte yo\u011fun bir g\u00fcndemin ard\u0131ndan se\u00e7im b\u00f6lgesine gelen Milletvekili Ramazan Ba\u015fak esnaf guruplar\u0131n\u0131 ziyaret ederek g\u00f6r\u00fc\u015f al\u0131\u015fveri\u015finde bulundu. \u015eanl\u0131urfa\u2019da \u00e7e\u015fitli esnaf ziyaretlerinde bulunarak s\u0131k\u0131nt\u0131lar\u0131n\u0131 dinleyip \u00e7\u00f6z\u00fcm \u00f6nerilerinde bulunan Milletvekili Ramazan Ba\u015fak kapatma davas\u0131nda \u00e7\u0131kan olumlu sonucun t\u00fcm T\u00fcrkiye\u2019de oldu\u011fu gibi \u015eanl\u0131urfa\u2019da da piyasalardaki belirsizli\u011fi ortadan kald\u0131rarak \u00f6nemli bir rahatlama sa\u011flad\u0131\u011f\u0131n\u0131 belirtti. Ba\u015fak &hellip;<\/p>\n","protected":false},"author":1,"featured_media":71,"comment_status":"open","ping_status":"open","sticky":false,"template":"","format":"standard","meta":{"footnotes":""},"categories":[8],"tags":[],"class_list":["post-72","post","type-post","status-publish","format-standard","has-post-thumbnail","hentry","category-haberler-haberler"],"_links":{"self":[{"href":"https:\/\/www.ramazanbasak.com.tr\/index.php?rest_route=\/wp\/v2\/posts\/72","targetHints":{"allow":["GET"]}}],"collection":[{"href":"https:\/\/www.ramazanbasak.com.tr\/index.php?rest_route=\/wp\/v2\/posts"}],"about":[{"href":"https:\/\/www.ramazanbasak.com.tr\/index.php?rest_route=\/wp\/v2\/types\/post"}],"author":[{"embeddable":true,"href":"https:\/\/www.ramazanbasak.com.tr\/index.php?rest_route=\/wp\/v2\/users\/1"}],"replies":[{"embeddable":true,"href":"https:\/\/www.ramazanbasak.com.tr\/index.php?rest_route=%2Fwp%2Fv2%2Fcomments&post=72"}],"version-history":[{"count":0,"href":"https:\/\/www.ramazanbasak.com.tr\/index.php?rest_route=\/wp\/v2\/posts\/72\/revisions"}],"wp:featuredmedia":[{"embeddable":true,"href":"https:\/\/www.ramazanbasak.com.tr\/index.php?rest_route=\/wp\/v2\/media\/71"}],"wp:attachment":[{"href":"https:\/\/www.ramazanbasak.com.tr\/index.php?rest_route=%2Fwp%2Fv2%2Fmedia&parent=72"}],"wp:term":[{"taxonomy":"category","embeddable":true,"href":"https:\/\/www.ramazanbasak.com.tr\/index.php?rest_route=%2Fwp%2Fv2%2Fcategories&post=72"},{"taxonomy":"post_tag","embeddable":true,"href":"https:\/\/www.ramazanbasak.com.tr\/index.php?rest_route=%2Fwp%2Fv2%2Ftags&post=72"}],"curies":[{"name":"wp","href":"https:\/\/api.w.org\/{rel}","templated":true}]}}