{"id":73,"date":"2008-08-31T22:00:00","date_gmt":"2008-08-31T19:00:00","guid":{"rendered":"https:\/\/www.ramazanbasak.com.tr\/basaksorunlarin-takipcisiyim"},"modified":"2008-08-31T22:00:00","modified_gmt":"2008-08-31T19:00:00","slug":"basaksorunlarin-takipcisiyim","status":"publish","type":"post","link":"https:\/\/www.ramazanbasak.com.tr\/?p=73","title":{"rendered":"Ba\u015fak:Sorunlar\u0131n Takipcisiyim"},"content":{"rendered":"<p style=\"text-align: justify\"><span style=\"font-size: 12px\"><span style=\"color: #313131; font-family: &quot;Arial&quot;,&quot;sans-serif&quot;; mso-fareast-font-family: 'Times New Roman'; mso-ansi-language: TR; mso-fareast-language: TR; mso-bidi-language: AR-SA\"><strong>Ak Parti \u015eanl\u0131urfa Milletvekili Ramazan Ba\u015fak Yerel G\u00fcndem 21 Kad\u0131n Meclisi \u00fcyeleriyle bir araya gelerek sorunlar\u0131n\u0131 dinledi.<\/strong><\/span><span style=\"color: #313131; font-family: &quot;Arial&quot;,&quot;sans-serif&quot;; mso-fareast-font-family: 'Times New Roman'; mso-ansi-language: TR; mso-fareast-language: TR; mso-bidi-language: AR-SA\"><\/p>\n<p> Yerel G\u00fcndem 21 Kad\u0131n Meclisi y\u00f6netim kurulu ve \u00fcyeleriyle bir araya gelen Ak Parti \u015eanl\u0131urfa Milletvekili Ramazan Ba\u015fak sorunlar\u0131n\u0131 dinleyerek bu sorunlar\u0131n takip\u00e7isi olacaklar\u0131n\u0131 s\u00f6yledi. Yap\u0131lan toplant\u0131da b\u00f6yle bir sivil toplum \u00f6rg\u00fct\u00fcn\u00fcn varl\u0131\u011f\u0131ndan duydu\u011fu memnuniyeti dile getirerek Kad\u0131n Meclisi \u00fcyelerine te\u015fekk\u00fcr eden Milletvekili Ba\u015fak kad\u0131nlar\u0131n y\u00f6netimde de s\u00f6z sahibi olduklar\u0131n\u0131 s\u00f6yledi. (UrfaHA) UrfaHA <\/span><\/span><\/p>\n","protected":false},"excerpt":{"rendered":"<p>Ak Parti \u015eanl\u0131urfa Milletvekili Ramazan Ba\u015fak Yerel G\u00fcndem 21 Kad\u0131n Meclisi \u00fcyeleriyle bir araya gelerek sorunlar\u0131n\u0131 dinledi. Yerel G\u00fcndem 21 Kad\u0131n Meclisi y\u00f6netim kurulu ve \u00fcyeleriyle bir araya gelen Ak Parti \u015eanl\u0131urfa Milletvekili Ramazan Ba\u015fak sorunlar\u0131n\u0131 dinleyerek bu sorunlar\u0131n takip\u00e7isi olacaklar\u0131n\u0131 s\u00f6yledi. Yap\u0131lan toplant\u0131da b\u00f6yle bir sivil toplum \u00f6rg\u00fct\u00fcn\u00fcn varl\u0131\u011f\u0131ndan duydu\u011fu memnuniyeti dile getirerek Kad\u0131n &hellip;<\/p>\n","protected":false},"author":1,"featured_media":0,"comment_status":"open","ping_status":"open","sticky":false,"template":"","format":"standard","meta":{"footnotes":""},"categories":[8],"tags":[],"class_list":["post-73","post","type-post","status-publish","format-standard","hentry","category-haberler-haberler"],"_links":{"self":[{"href":"https:\/\/www.ramazanbasak.com.tr\/index.php?rest_route=\/wp\/v2\/posts\/73","targetHints":{"allow":["GET"]}}],"collection":[{"href":"https:\/\/www.ramazanbasak.com.tr\/index.php?rest_route=\/wp\/v2\/posts"}],"about":[{"href":"https:\/\/www.ramazanbasak.com.tr\/index.php?rest_route=\/wp\/v2\/types\/post"}],"author":[{"embeddable":true,"href":"https:\/\/www.ramazanbasak.com.tr\/index.php?rest_route=\/wp\/v2\/users\/1"}],"replies":[{"embeddable":true,"href":"https:\/\/www.ramazanbasak.com.tr\/index.php?rest_route=%2Fwp%2Fv2%2Fcomments&post=73"}],"version-history":[{"count":0,"href":"https:\/\/www.ramazanbasak.com.tr\/index.php?rest_route=\/wp\/v2\/posts\/73\/revisions"}],"wp:attachment":[{"href":"https:\/\/www.ramazanbasak.com.tr\/index.php?rest_route=%2Fwp%2Fv2%2Fmedia&parent=73"}],"wp:term":[{"taxonomy":"category","embeddable":true,"href":"https:\/\/www.ramazanbasak.com.tr\/index.php?rest_route=%2Fwp%2Fv2%2Fcategories&post=73"},{"taxonomy":"post_tag","embeddable":true,"href":"https:\/\/www.ramazanbasak.com.tr\/index.php?rest_route=%2Fwp%2Fv2%2Ftags&post=73"}],"curies":[{"name":"wp","href":"https:\/\/api.w.org\/{rel}","templated":true}]}}