{"id":74,"date":"2008-11-16T22:00:00","date_gmt":"2008-11-16T19:00:00","guid":{"rendered":"https:\/\/www.ramazanbasak.com.tr\/basaktan-bayram-hediyesi"},"modified":"2008-11-16T22:00:00","modified_gmt":"2008-11-16T19:00:00","slug":"basaktan-bayram-hediyesi","status":"publish","type":"post","link":"https:\/\/www.ramazanbasak.com.tr\/?p=74","title":{"rendered":"Ba\u015fak&#8217;tan Bayram Hediyesi"},"content":{"rendered":"<p style=\"text-align: justify\"><span style=\"font-size: 12px\"><b><span style=\"color: #313131\">AK Parti Se\u00e7im \u0130\u015fleri Ba\u015fkan Yard\u0131mc\u0131s\u0131 ve \u015eanl\u0131urfa Milletvekili Ba\u015fak 25 Aral\u0131k 2008 g\u00fcn\u00fc Suru\u00e7 Sulama Projesinin 2. etab\u0131 olan t\u00fcnel k\u0131sm\u0131n\u0131n ihalesinin yap\u0131laca\u011f\u0131 m\u00fcjdesini verdi.<\/p>\n<p> <\/span><\/b><\/span><\/p>\n<p style=\"text-align: justify\"><span style=\"font-size: 12px\"><span style=\"color: #313131\">\u015eanl\u0131urfa Milletvekili Ramazan Ba\u015fak Suru\u00e7 Ovas\u0131 Pompaj Sulama Projesi ile ilgili bir a\u00e7\u0131klama yapt\u0131.<\/p>\n<p> <\/span><\/span><\/p>\n<p style=\"text-align: justify\"><span style=\"font-size: 12px\"><span style=\"color: #313131\">&#160;A\u00e7\u0131klamas\u0131nda GAP Eylem Plan\u0131nda da yer alan projenin \u00e7al\u0131\u015fmalar\u0131na h\u0131zla devam ettiklerini, 31 Ekim de yap\u0131lan 30 km lik ana iletim kanal\u0131n\u0131n ihalesinden sonra ikinci k\u0131s\u0131m olan 17200 metre uzunlu\u011funda 7 m i\u00e7 \u00e7ap\u0131ndaki t\u00fcnel ve 1280 metre 7 m i\u00e7 \u00e7ap\u0131ndaki galeri yap\u0131m\u0131 in\u015faat ihalesinin de 25 Aral\u0131k 2008 Per\u015fembe g\u00fcn\u00fc yap\u0131laca\u011f\u0131n\u0131 ve ilana \u00e7\u0131kt\u0131\u011f\u0131n\u0131 belirtti. \u0130lk ihale gibi bu ihalenin de \u015feffaf olaca\u011f\u0131n\u0131 ve b\u00fct\u00fcn Urfa\u2019 n\u0131n davetli oldu\u011funu s\u00f6yledi. <!--more-->  <\/span><\/span><span style=\"font-size: 12px\"><span style=\"color: #313131\">Ba\u015fak verdikleri s\u00f6zlerin her zaman arkas\u0131nda olduklar\u0131n\u0131, birinci k\u0131sm\u0131n ihalesinin yap\u0131laca\u011f\u0131na dahi inanmayanlar\u0131n 31 Ekim de ger\u00e7ekle\u015ftirilen ihaleyle bu i\u015fin takip\u00e7isi oldu\u011fumuzu ve yerine getirmek i\u00e7in AK Parti olarak b\u00fct\u00fcn imkanlar\u0131 seferber ettiklerini, Suru\u00e7\u2019 a suyu getireceklerini ve bunu da herkesin g\u00f6rece\u011fini ifade etti. Bu i\u015fi siyaset i\u00e7in de\u011fil Suru\u00e7\u2019 un hak etti\u011fi yere gelmesi b\u00f6lgenin kazan\u0131mlar\u0131n\u0131n artmas\u0131, ter\u00f6rle \u00f6zde\u015fle\u015ftirilmi\u015f, susuzlukla \u00f6zde\u015fle\u015ftirilmi\u015f olan bu b\u00f6lgenin art\u0131k \u00e7a\u011fda\u015f modern bir yap\u0131ya d\u00f6n\u00fc\u015fmesini ama\u00e7 edindiklerini ifade etti.<\/p>\n<p> <\/span><\/span><\/p>\n<p style=\"text-align: justify\"><span style=\"font-size: 12px\"><span style=\"color: #313131\">Sadece Suru\u00e7 ta de\u011fil t\u00fcm \u015eanl\u0131urfa\u2019 da yer alan projelerin takip\u00e7isi olacaklar\u0131n\u0131, \u015eanl\u0131urfa\u2019 n\u0131n bir metropol \u015fehir olmas\u0131 i\u00e7in partisi ve milletvekilleri arkada\u015flar\u0131yla gece g\u00fcnd\u00fcz \u00e7al\u0131\u015ft\u0131klar\u0131n\u0131 ve \u00e7al\u0131\u015fmaya devam edeceklerini, bu yoldan da hi\u00e7 kimsenin kendilerini vazge\u00e7iremeyece\u011fini s\u00f6yledi. <\/p>\n<p> <\/span><\/span><\/p>\n<p style=\"text-align: justify\"><span style=\"font-size: 12px\"><span style=\"color: #313131\">Ba\u015fak, bu projede ve di\u011fer projelerde oldu\u011fu gibi desteklerini hi\u00e7bir zaman esirgemeyen t\u00fcm milletvekili arkada\u015flar\u0131na ve t\u00fcm b\u00fcrokratlara ve eme\u011fi ge\u00e7en herkese te\u015fekk\u00fcr ederek, projenin \u015eanl\u0131urfa\u2019 ya ve t\u00fcm T\u00fcrkiye\u2019 ye hay\u0131rl\u0131 olmas\u0131n\u0131 diledi<\/span>.<\/span><\/p>\n","protected":false},"excerpt":{"rendered":"<p>AK Parti Se\u00e7im \u0130\u015fleri Ba\u015fkan Yard\u0131mc\u0131s\u0131 ve \u015eanl\u0131urfa Milletvekili Ba\u015fak 25 Aral\u0131k 2008 g\u00fcn\u00fc Suru\u00e7 Sulama Projesinin 2. etab\u0131 olan t\u00fcnel k\u0131sm\u0131n\u0131n ihalesinin yap\u0131laca\u011f\u0131 m\u00fcjdesini verdi. \u015eanl\u0131urfa Milletvekili Ramazan Ba\u015fak Suru\u00e7 Ovas\u0131 Pompaj Sulama Projesi ile ilgili bir a\u00e7\u0131klama yapt\u0131. &#160;A\u00e7\u0131klamas\u0131nda GAP Eylem Plan\u0131nda da yer alan projenin \u00e7al\u0131\u015fmalar\u0131na h\u0131zla devam ettiklerini, 31 Ekim de &hellip;<\/p>\n","protected":false},"author":1,"featured_media":0,"comment_status":"open","ping_status":"open","sticky":false,"template":"","format":"standard","meta":{"footnotes":""},"categories":[8],"tags":[],"class_list":["post-74","post","type-post","status-publish","format-standard","hentry","category-haberler-haberler"],"_links":{"self":[{"href":"https:\/\/www.ramazanbasak.com.tr\/index.php?rest_route=\/wp\/v2\/posts\/74","targetHints":{"allow":["GET"]}}],"collection":[{"href":"https:\/\/www.ramazanbasak.com.tr\/index.php?rest_route=\/wp\/v2\/posts"}],"about":[{"href":"https:\/\/www.ramazanbasak.com.tr\/index.php?rest_route=\/wp\/v2\/types\/post"}],"author":[{"embeddable":true,"href":"https:\/\/www.ramazanbasak.com.tr\/index.php?rest_route=\/wp\/v2\/users\/1"}],"replies":[{"embeddable":true,"href":"https:\/\/www.ramazanbasak.com.tr\/index.php?rest_route=%2Fwp%2Fv2%2Fcomments&post=74"}],"version-history":[{"count":0,"href":"https:\/\/www.ramazanbasak.com.tr\/index.php?rest_route=\/wp\/v2\/posts\/74\/revisions"}],"wp:attachment":[{"href":"https:\/\/www.ramazanbasak.com.tr\/index.php?rest_route=%2Fwp%2Fv2%2Fmedia&parent=74"}],"wp:term":[{"taxonomy":"category","embeddable":true,"href":"https:\/\/www.ramazanbasak.com.tr\/index.php?rest_route=%2Fwp%2Fv2%2Fcategories&post=74"},{"taxonomy":"post_tag","embeddable":true,"href":"https:\/\/www.ramazanbasak.com.tr\/index.php?rest_route=%2Fwp%2Fv2%2Ftags&post=74"}],"curies":[{"name":"wp","href":"https:\/\/api.w.org\/{rel}","templated":true}]}}