{"id":76,"date":"2008-12-07T22:00:00","date_gmt":"2008-12-07T19:00:00","guid":{"rendered":"https:\/\/www.ramazanbasak.com.tr\/basak-tan-bayram-kutlamasi"},"modified":"2008-12-07T22:00:00","modified_gmt":"2008-12-07T19:00:00","slug":"basak-tan-bayram-kutlamasi","status":"publish","type":"post","link":"https:\/\/www.ramazanbasak.com.tr\/?p=76","title":{"rendered":"BA\u015eAK&#8217; TAN BAYRAM KUTLAMASI"},"content":{"rendered":"<p style=\"text-align: justify\"><span style=\"font-size: 12px\"><b><span style=\"color: #313131\"><img loading=\"lazy\" decoding=\"async\" class=\" alignleft size-full wp-image-75\" height=\"104\" hspace=\"3\" width=\"150\" align=\"left\" vspace=\"3\" alt=\"\" src=\"https:\/\/www.ramazanbasak.com.tr\/wp-content\/uploads\/2008\/12\/6.jpg\" \/>AK Parti Genel Merkez Se\u00e7im \u0130\u015fleri Ba\u015fkan Yard\u0131mc\u0131s\u0131 ve \u015eanl\u0131urfa Milletvekili Rmazan Ba\u015fak&#8217;\u0131n Kurban Bayram\u0131 kutlama mesaj\u0131&#8230;&#160;<\/span><\/b><span style=\"color: #313131\"> <\/span><\/span><\/p>\n<p> <span style=\"font-size: 12px\"><span style=\"color: #313131; line-height: 110%\">Bug\u00fcn ba\u015flayan ve 4 g\u00fcn boyunca kutlayaca\u011f\u0131m\u0131z&#160;Kurban Bayram\u0131 vesilesiyle&#160;yaz\u0131l\u0131 bir mesaj yay\u0131nlayan AK Parti Genel Merkez Se\u00e7im \u0130\u015fleri Ba\u015fkan Yard\u0131mc\u0131 ve \u015eanl\u0131urfa&#160;Milletvekili Ramazan BA\u015eAK t\u00fcm \u015eanl\u0131urfal\u0131lar\u2019 \u0131n Kurban Bayram\u0131\u2019n\u0131 kutlad\u0131. <\/span><\/span><\/p>\n<p style=\"text-align: justify\"><span style=\"font-size: 12px\">&#160;<\/span><\/p>\n<p style=\"text-align: justify\"><span style=\"font-size: 12px\"><span style=\"color: #313131; line-height: 110%\">Mesaj\u0131nda&#160;bayramlar\u0131n dini yard\u0131mla\u015fma ve dayan\u0131\u015fmaya katk\u0131lar sa\u011flarken, darg\u0131nl\u0131k, d\u00fc\u015fmanl\u0131k, \u00e7eki\u015fmelerin&#160;giderilmesine vesile oldu\u011funu kaydeden BA\u015eAK mesaj\u0131nda \u015fu g\u00f6r\u00fc\u015flere yer verdi. <\/span><\/span><\/p>\n<p style=\"text-align: justify\">&#160;<\/p>\n<p style=\"text-align: justify\"><span style=\"font-size: 12px\"><span style=\"color: #313131; line-height: 110%\"><br \/> \u201c Sevgili hem\u015fehrilerim, <\/span><\/span><\/p>\n<p style=\"text-align: justify\"><span style=\"font-size: 12px\">&#160;<\/span><\/p>\n<p style=\"text-align: justify\"><span style=\"font-size: 12px\"><span style=\"color: #313131; line-height: 110%\">As\u0131rlardan beri \u0130slam d\u00fcnyas\u0131n\u0131n b\u00fcy\u00fck bir co\u015fku ve heyecanla kutlad\u0131\u011f\u0131 Kurban Bayram\u0131n\u0131, bir kez daha ya\u015faman\u0131n engin mutlulu\u011funu i\u00e7indeyiz. <!--more-->  <\/span><\/span><\/p>\n<p style=\"text-align: justify\"><span style=\"font-size: 12px\"><span style=\"color: #313131; line-height: 110%\">\u00d6ncelikle Bayram\u0131n ba\u015fta \u015eanl\u0131urfam\u0131z olmak \u00fczere b\u00fct\u00fcn \u0130slam ve insanl\u0131k alemine hay\u0131r, bar\u0131\u015f ve esenlik getirmesini temenni ediyorum. <br \/> <\/span><\/span><\/p>\n<p style=\"text-align: justify\"><span style=\"font-size: 12px\"><span style=\"color: #313131\">Birlik ve beraberli\u011fe, yard\u0131mla\u015fma ve dayan\u0131\u015fmaya her zamankinden daha fazla ihtiya\u00e7 duydu\u011fumuz bir zamanda, as\u0131rlard\u0131r bizleri birbirimize ba\u011flayan manevi unsurlardan biri olan m\u00fcbarek Kurban Bayram\u0131n\u0131n, hay\u0131rlara vesile olmas\u0131 dile\u011fiyle; ba\u015fta \u015eanl\u0131urfal\u0131 hem\u015fehrilerimiz olmak \u00fczere aziz milletimizin Kurban bayram\u0131n\u0131, y\u00fcrekten kutluyor, Bayram\u0131n \u00dclkemiz ve \u0130slam aleminin s\u00fckun ve huzuruna, b\u00fct\u00fcn insanl\u0131\u011fa bar\u0131\u015f getirmesine vesile olmas\u0131n\u0131 diler sevgi ve sayg\u0131lar\u0131m\u0131 sunar\u0131m.\u201c<\/span><\/span><\/p>\n","protected":false},"excerpt":{"rendered":"<p>AK Parti Genel Merkez Se\u00e7im \u0130\u015fleri Ba\u015fkan Yard\u0131mc\u0131s\u0131 ve \u015eanl\u0131urfa Milletvekili Rmazan Ba\u015fak&#8217;\u0131n Kurban Bayram\u0131 kutlama mesaj\u0131&#8230;&#160; Bug\u00fcn ba\u015flayan ve 4 g\u00fcn boyunca kutlayaca\u011f\u0131m\u0131z&#160;Kurban Bayram\u0131 vesilesiyle&#160;yaz\u0131l\u0131 bir mesaj yay\u0131nlayan AK Parti Genel Merkez Se\u00e7im \u0130\u015fleri Ba\u015fkan Yard\u0131mc\u0131 ve \u015eanl\u0131urfa&#160;Milletvekili Ramazan BA\u015eAK t\u00fcm \u015eanl\u0131urfal\u0131lar\u2019 \u0131n Kurban Bayram\u0131\u2019n\u0131 kutlad\u0131. &#160; Mesaj\u0131nda&#160;bayramlar\u0131n dini yard\u0131mla\u015fma ve dayan\u0131\u015fmaya katk\u0131lar sa\u011flarken, &hellip;<\/p>\n","protected":false},"author":1,"featured_media":75,"comment_status":"open","ping_status":"open","sticky":false,"template":"","format":"standard","meta":{"footnotes":""},"categories":[8],"tags":[],"class_list":["post-76","post","type-post","status-publish","format-standard","has-post-thumbnail","hentry","category-haberler-haberler"],"_links":{"self":[{"href":"https:\/\/www.ramazanbasak.com.tr\/index.php?rest_route=\/wp\/v2\/posts\/76","targetHints":{"allow":["GET"]}}],"collection":[{"href":"https:\/\/www.ramazanbasak.com.tr\/index.php?rest_route=\/wp\/v2\/posts"}],"about":[{"href":"https:\/\/www.ramazanbasak.com.tr\/index.php?rest_route=\/wp\/v2\/types\/post"}],"author":[{"embeddable":true,"href":"https:\/\/www.ramazanbasak.com.tr\/index.php?rest_route=\/wp\/v2\/users\/1"}],"replies":[{"embeddable":true,"href":"https:\/\/www.ramazanbasak.com.tr\/index.php?rest_route=%2Fwp%2Fv2%2Fcomments&post=76"}],"version-history":[{"count":0,"href":"https:\/\/www.ramazanbasak.com.tr\/index.php?rest_route=\/wp\/v2\/posts\/76\/revisions"}],"wp:featuredmedia":[{"embeddable":true,"href":"https:\/\/www.ramazanbasak.com.tr\/index.php?rest_route=\/wp\/v2\/media\/75"}],"wp:attachment":[{"href":"https:\/\/www.ramazanbasak.com.tr\/index.php?rest_route=%2Fwp%2Fv2%2Fmedia&parent=76"}],"wp:term":[{"taxonomy":"category","embeddable":true,"href":"https:\/\/www.ramazanbasak.com.tr\/index.php?rest_route=%2Fwp%2Fv2%2Fcategories&post=76"},{"taxonomy":"post_tag","embeddable":true,"href":"https:\/\/www.ramazanbasak.com.tr\/index.php?rest_route=%2Fwp%2Fv2%2Ftags&post=76"}],"curies":[{"name":"wp","href":"https:\/\/api.w.org\/{rel}","templated":true}]}}