{"id":78,"date":"2008-12-02T22:00:00","date_gmt":"2008-12-02T19:00:00","guid":{"rendered":"https:\/\/www.ramazanbasak.com.tr\/palavra-mi-gorecegiz"},"modified":"2008-12-02T22:00:00","modified_gmt":"2008-12-02T19:00:00","slug":"palavra-mi-gorecegiz","status":"publish","type":"post","link":"https:\/\/www.ramazanbasak.com.tr\/?p=78","title":{"rendered":"Palavra m\u0131 g\u00f6rece\u011fiz!&#8221;"},"content":{"rendered":"<p><span style=\"font-size: 9pt; color: black; font-family: &quot;Tahoma&quot;,&quot;sans-serif&quot;; mso-fareast-font-family: 'Times New Roman'; mso-ansi-language: TR; mso-fareast-language: TR; mso-bidi-language: AR-SA\"> <\/p>\n<p style=\"text-align: justify\"><span style=\"font-family: Tahoma\"><span style=\"font-size: 12px\"><span style=\"color: black\"><img loading=\"lazy\" decoding=\"async\" class=\" alignleft size-full wp-image-77\" height=\"150\" alt=\"\" hspace=\"3\" width=\"150\" align=\"left\" vspace=\"3\" src=\"https:\/\/www.ramazanbasak.com.tr\/wp-content\/uploads\/2008\/12\/7.jpg\" \/>AK Parti \u015eanl\u0131urfa Milletvekili, Ak Parti Genel Merkez Se\u00e7im \u0130\u015fleri Ba\u015fkan Yard\u0131mc\u0131s\u0131 Ramazan Ba\u015fak; TV8&#8217;de yay\u0131nlanan Erkan Tan\u2019la Ba\u015fkentten Program\u0131nda, AKP h\u00fck\u00fcmeti i\u00e7in yap\u0131lan ele\u015ftirilere kar\u015f\u0131l\u0131k verdi.<\/p>\n<p> <\/span><\/span><\/span><\/p>\n<p style=\"text-align: justify\"><span style=\"font-family: Tahoma\"><span style=\"font-size: 12px\"><span style=\"color: black\">Ne \u015fahs\u0131ma ne de partim ad\u0131na bir gelecek kayg\u0131s\u0131 yoktur. Bize ve \u00e7al\u0131\u015fmalar\u0131m\u0131za palavra diyenlerle se\u00e7imlerde g\u00f6r\u00fc\u015fece\u011fiz\u2019\u2019 dedi. AKP\u2019nin ,T\u00fcrkiye genelinde %46.9 oy oran\u0131na sahip oldu\u011funu ,do\u011fu illerinde ise bu oran\u0131n %60\u2019a \u00e7\u0131kt\u0131\u011f\u0131na i\u015faret etti.\u2019\u2019Bir \u00f6nceki konu\u011funuz olan, CHP Genel Sayman\u0131 Mustafa \u00d6zy\u00fcrek\u2019in anlatt\u0131klar\u0131na g\u00f6re, bir an kendimi Irak ya da Afganistan\u2019da ya\u015f\u0131yorum zannettim.\u2019\u2019 dedi.\u0130ktidar olarak ba\u015far\u0131l\u0131 bir politika s\u00fcrd\u00fcrd\u00fcklerini bunun da hazmedilemeyerek sapt\u0131r\u0131ld\u0131\u011f\u0131n\u0131 ve bu t\u00fcr abart\u0131l\u0131 yakla\u015f\u0131mlarla yans\u0131t\u0131ld\u0131\u011f\u0131n\u0131 ifade etti. \u2018\u2019\u2019 AKP; imkanlar\u0131n\u0131n ,eme\u011finin, vaktinin ve beyninin t\u00fcm\u00fcn\u00fc vatanda\u015flar\u0131na hizmet yapabilmek i\u00e7in kullanmaktad\u0131r , \u015fahs\u0131na de\u011fil \u2018\u2019 a\u00e7\u0131klamas\u0131nda bulundu.Ba\u015fak ayr\u0131ca , T\u00fcrkiye Cumhuriyeti yasalar\u0131na g\u00f6re kurulmu\u015f t\u00fcm partilere ve oy veren vatanda\u015flara ,CHP dahil sayg\u0131 duydu\u011funu dile getirdi.\u2019\u2019 Siyasi partilerin para ve de\u011fer mekanizmalar\u0131 insanlard\u0131r\u2019\u2019 g\u00f6r\u00fc\u015f\u00fcn\u00fc \u00f6ne s\u00fcrd\u00fc.Se\u00e7ilip iktidar olduktan sonra , 1992 y\u0131l\u0131nda milletin ; AKP\u2019ye inand\u0131\u011f\u0131n\u0131,2004 y\u0131l\u0131nda do\u011fru yolda oldu\u011funu g\u00f6rd\u00fc\u011f\u00fcn\u00fc ve 2007 y\u0131l\u0131nda ise daha da iyi oldu\u011funu d\u00fc\u015f\u00fcnd\u00fc\u011f\u00fcn\u00fc , verdikleri oylarla ortaya koydu\u011funu belirtti..\u2019\u2019 \u00d6n\u00fcm\u00fczdeki se\u00e7imlerde \u00e7al\u0131\u015fmalar\u0131m\u0131z\u0131n kar\u015f\u0131l\u0131\u011f\u0131n\u0131 alaca\u011f\u0131z ve oy oranlar\u0131m\u0131z artacakt\u0131r \u2018\u2019 iddias\u0131nda bulundu.<\/span><\/span><\/span><span style=\"font-size: 12px\"><span style=\"color: black\"> <!--more-->  <\/span><\/span><span style=\"font-family: Tahoma\"><span style=\"font-size: 12px\"><span style=\"color: black\"> <\/span><\/span><span style=\"font-size: 12px\"><b><span style=\"color: #003399\">Diyarbak\u0131r Bizim \u0130\u00e7in \u00d6nemli<\/span><\/b><\/span><\/span><\/p>\n<p style=\"text-align: justify\"><span style=\"font-family: Tahoma\"><span style=\"font-size: 12px\"><span style=\"color: black\">Ramazan Ba\u015fak,, \u2018\u2019 Diyarbak\u0131r bizim i\u00e7in , T\u00fcrkiye i\u00e7in \u00f6nemlidir\u2019\u2019s\u00f6zlerinin yanl\u0131\u015f anla\u015f\u0131ld\u0131\u011f\u0131n\u0131 veya kas\u0131tl\u0131 olarak ,bilerek sapt\u0131r\u0131ld\u0131\u011f\u0131n\u0131 ifade etti. \u015eanl\u0131urfa \u2018dan \u0130stanbul\u2019a , Kayseri\u2019den Diyarbak\u0131r\u2019a t\u00fcm illerde ya\u015fayan vatanda\u015flar\u0131n , e\u015fit belediye hizmeti almas\u0131 gerekti\u011fini savundu.\u2019\u2019 \u0130deolojik anlamda s\u0131k\u0131nt\u0131m\u0131z yoktur, dil, din ve \u0131rk ayr\u0131m\u0131 yap\u0131lamas\u0131na kar\u015f\u0131y\u0131z \u2018\u2019 dedi.Diyarbak\u0131r\u2019\u0131n se\u00e7imlerde ,AKP i\u00e7in \u00f6neminin b\u00fcy\u00fck oldu\u011funun alt\u0131n\u0131 \u00e7izdi.\u2019\u2019 Ba\u015far\u0131n\u0131n s\u0131rr\u0131 samimiyet ve d\u00fcr\u00fcstl\u00fckt\u00fcr. Biz ,AKP olarak bunu do\u011fu illerimize de ta\u015f\u0131yabildik , vatanda\u015f\u0131m\u0131z bunu g\u00f6rd\u00fc\u2019\u2019 a\u00e7\u0131klamas\u0131nda bulundu.Do\u011fu\u2019da ,e\u011fitimde ve sa\u011fl\u0131kta hizmette e\u015fitli\u011fin sa\u011flanamad\u0131\u011f\u0131na i\u015faret eden Ramazan Ba\u015fak;\u2019\u2019\u0130\u015fi , g\u00fcc\u00fc olmayan , a\u00e7 ve sefalet i\u00e7inde bulunan insanlar\u0131n , PKK taraf\u0131ndan kand\u0131r\u0131lmalar\u0131n\u0131n ve yoldan \u00e7\u0131kar\u0131lmalar\u0131n\u0131n su\u00e7lusu , bu insanlar\u0131m\u0131z\u0131 ihmal etmi\u015f siyasi partilerdir.\u2019\u2019g\u00f6r\u00fc\u015f\u00fcn\u00fc \u00f6ne s\u00fcrd\u00fc.\u2018\u2019 Biz bu ihmalleri ortadan kald\u0131rmaya ba\u015flad\u0131k , amac\u0131m\u0131z birlik ,beraberlik ve e\u015fitliktir\u2019\u2019 dedi.<\/p>\n<p> <\/span><\/span><\/span><\/p>\n<p style=\"text-align: justify\"><span style=\"font-family: Tahoma\"><span style=\"font-size: 12px\"><b><span style=\"color: #003399\">GAP 2012\u2019de Bitecek<\/span><\/b><\/span><\/span><\/p>\n<p style=\"text-align: justify\"><span style=\"font-family: Tahoma\"><span style=\"font-size: 12px\"><span style=\"color: black\">Ramazan Ba\u015fak ; \u2018\u2019 \u015eanl\u0131urfa y\u0131llard\u0131r alamad\u0131\u011f\u0131 hizmeti , AKP d\u00f6neminde alm\u0131\u015ft\u0131r\u2019\u2019 a\u00e7\u0131klamas\u0131nda bulundu. TOK\u0130 gibi \u00f6nceki d\u00f6nemlerde de olan bir\u00e7ok \u00e7al\u0131\u015fman\u0131n son iktidar d\u00f6neminde hayat buldu\u011funa i\u015faret etti.GAP\u2019\u0131n da ayn\u0131 \u015fekilde, en ge\u00e7 2012 y\u0131l\u0131nda tamamlanaca\u011f\u0131n\u0131n alt\u0131n\u0131 \u00e7izdi.\u2019\u2019 40 y\u0131ld\u0131r ,bir peygamber ve GAP \u015fehri olan \u015eanl\u0131urfa\u2019da ,art\u0131k r\u00fcyalar ger\u00e7ek olacak\u2019\u2019 dedi.Di\u011fer partilerin ve \u00f6nceki h\u00fck\u00fcmet ele\u015ftirilerini bir kenara b\u0131rak\u0131p , yap\u0131lamayanlar\u0131 ger\u00e7ekle\u015ftirdiklerini , rakiplik \u00fczerine siyaset yapmad\u0131klar\u0131n\u0131 vurgulad\u0131.T\u00fcrkiye\u2019nin ,3 milyar dolar i\u00e7in . ithal bakanlarla kap\u0131larda bekledi\u011fi d\u00f6nemleri hat\u0131rlatt\u0131 ve o zamanlar T\u00fcrkiye i\u00e7in gerekli olan bu miktar\u0131n kendi d\u00f6nemlerinde sadece , \u015eal\u0131urfa\u2019ya ak\u0131tt\u0131klar\u0131n\u0131 s\u00f6yledi.Yap\u0131lan yard\u0131mlar\u0131n bile ele\u015ftirildi\u011fini. ,T\u00fcrkiye Cumhuriyet\u2019inin bir laik ve hukuk devleti oldu\u011fu kadar ,ayn\u0131 zamanda Sosyal bir devlet oldu\u011funu s\u00f6zlerine ekledi.Devletin eli, kolu ve g\u00f6z\u00fc olan kaymakamlar\u0131n ve valilerin yard\u0131m i\u015fini bizzat adrese teslim \u015feklinde y\u00fcr\u00fctt\u00fcklerini dile getirdi. Ba\u015fak ayr\u0131ca ,s\u0131rf 12 milyar dolar\u0131n GAP Projesi\u2019ne , 40 milyar dolar\u0131n da bat\u0131k bankalara verildi\u011fini,nemalar\u0131n ve KEY \u00f6demelerinin de kar\u015f\u0131land\u0131\u011f\u0131n\u0131 s\u00f6yledi.Ge\u00e7mi\u015f d\u00f6nemden miras kalan bir\u00e7ok borcun sorumlulu\u011funu ta\u015f\u0131d\u0131klar\u0131n\u0131 \u00f6ne s\u00fcrd\u00fc. Abart\u0131larak g\u00fcndeme ta\u015f\u0131nan d\u0131\u015f bor\u00e7lar\u0131nda asl\u0131nda %40 seviyelerinde oldu\u011funu bilmeden ,hesaps\u0131z konu\u015fuldu\u011funu savundu.<\/p>\n<p> <\/span><\/span><\/span><\/p>\n<p style=\"text-align: justify\"><span style=\"font-family: Tahoma\"><span style=\"font-size: 12px\"><b><span style=\"color: #003399\">Toki\u2019lerde %60 k\u0131r\u0131m<\/span><\/b><\/span><\/span><\/p>\n<p style=\"text-align: justify\"><span style=\"font-family: Tahoma\"><span style=\"font-size: 12px\"><span style=\"color: black\">Vatanda\u015f\u0131n ev sahibi olmas\u0131na imkan sa\u011flad\u0131klar\u0131n\u0131 belirten Ba\u015fak ;\u2019\u2019 \u00d6nceki iktidar d\u00f6nemlerinde ,TOK\u0130 yararl\u0131 i\u015fler durumda de\u011fildi. AKP taraf\u0131ndan hayata ge\u00e7irildi Bizim d\u00f6nemimizde %60 k\u0131r\u0131m s\u00f6z konusudur.\u2019\u2019 dedi.Hayata ge\u00e7irdikleri her proje ve \u00e7al\u0131\u015fma i\u00e7in ele\u015ftiri y\u00f6neltenlere \u2018\u2019 vicdan\u0131n\u0131z nas\u0131l rahat ediyor \u2018\u2019 serzeni\u015finde bulundu.\u2019\u2019Siyaset \u015fah\u0131s i\u00e7in de\u011fil ,millet i\u00e7in yap\u0131lmal\u0131\u2019\u2019 mesaj\u0131n\u0131 verdi.<\/span>TV8&#8217;de yay\u0131nlanan Erkan Tan&#8217;la Ba\u015fkentten program\u0131n\u0131n konu\u011fu, Ramazan Ba\u015fak&#8217;d\u0131.<\/span><\/span><\/p>\n<p> <\/span><\/p>\n","protected":false},"excerpt":{"rendered":"<p>AK Parti \u015eanl\u0131urfa Milletvekili, Ak Parti Genel Merkez Se\u00e7im \u0130\u015fleri Ba\u015fkan Yard\u0131mc\u0131s\u0131 Ramazan Ba\u015fak; TV8&#8217;de yay\u0131nlanan Erkan Tan\u2019la Ba\u015fkentten Program\u0131nda, AKP h\u00fck\u00fcmeti i\u00e7in yap\u0131lan ele\u015ftirilere kar\u015f\u0131l\u0131k verdi. Ne \u015fahs\u0131ma ne de partim ad\u0131na bir gelecek kayg\u0131s\u0131 yoktur. Bize ve \u00e7al\u0131\u015fmalar\u0131m\u0131za palavra diyenlerle se\u00e7imlerde g\u00f6r\u00fc\u015fece\u011fiz\u2019\u2019 dedi. AKP\u2019nin ,T\u00fcrkiye genelinde %46.9 oy oran\u0131na sahip oldu\u011funu ,do\u011fu illerinde &hellip;<\/p>\n","protected":false},"author":1,"featured_media":77,"comment_status":"open","ping_status":"open","sticky":false,"template":"","format":"standard","meta":{"footnotes":""},"categories":[8],"tags":[],"class_list":["post-78","post","type-post","status-publish","format-standard","has-post-thumbnail","hentry","category-haberler-haberler"],"_links":{"self":[{"href":"https:\/\/www.ramazanbasak.com.tr\/index.php?rest_route=\/wp\/v2\/posts\/78","targetHints":{"allow":["GET"]}}],"collection":[{"href":"https:\/\/www.ramazanbasak.com.tr\/index.php?rest_route=\/wp\/v2\/posts"}],"about":[{"href":"https:\/\/www.ramazanbasak.com.tr\/index.php?rest_route=\/wp\/v2\/types\/post"}],"author":[{"embeddable":true,"href":"https:\/\/www.ramazanbasak.com.tr\/index.php?rest_route=\/wp\/v2\/users\/1"}],"replies":[{"embeddable":true,"href":"https:\/\/www.ramazanbasak.com.tr\/index.php?rest_route=%2Fwp%2Fv2%2Fcomments&post=78"}],"version-history":[{"count":0,"href":"https:\/\/www.ramazanbasak.com.tr\/index.php?rest_route=\/wp\/v2\/posts\/78\/revisions"}],"wp:featuredmedia":[{"embeddable":true,"href":"https:\/\/www.ramazanbasak.com.tr\/index.php?rest_route=\/wp\/v2\/media\/77"}],"wp:attachment":[{"href":"https:\/\/www.ramazanbasak.com.tr\/index.php?rest_route=%2Fwp%2Fv2%2Fmedia&parent=78"}],"wp:term":[{"taxonomy":"category","embeddable":true,"href":"https:\/\/www.ramazanbasak.com.tr\/index.php?rest_route=%2Fwp%2Fv2%2Fcategories&post=78"},{"taxonomy":"post_tag","embeddable":true,"href":"https:\/\/www.ramazanbasak.com.tr\/index.php?rest_route=%2Fwp%2Fv2%2Ftags&post=78"}],"curies":[{"name":"wp","href":"https:\/\/api.w.org\/{rel}","templated":true}]}}