{"id":82,"date":"2008-02-12T22:00:00","date_gmt":"2008-02-12T19:00:00","guid":{"rendered":"https:\/\/www.ramazanbasak.com.tr\/turkiye-sirbistan-parlamentolararasi-dostluk-grubu-baskani-basak-balkanlardaki-baris-ortami-ulkemiz-icin-cok-onemli"},"modified":"2008-02-12T22:00:00","modified_gmt":"2008-02-12T19:00:00","slug":"turkiye-sirbistan-parlamentolararasi-dostluk-grubu-baskani-basak-balkanlardaki-baris-ortami-ulkemiz-icin-cok-onemli","status":"publish","type":"post","link":"https:\/\/www.ramazanbasak.com.tr\/?p=82","title":{"rendered":"T\u00dcRK\u0130YE-SIRB\u0130STAN PARLAMENTOLARARASI DOSTLUK GRUBU BA\u015eKANI BA\u015eAK: &#8220;BALKANLARDAK\u0130 BARI\u015e ORTAMI \u00dcLKEM\u0130Z \u0130\u00c7\u0130N \u00c7OK \u00d6NEML\u0130&#8221;"},"content":{"rendered":"<p style=\"text-align: justify\"><span style=\"color: black; font-family: Tahoma,sans-serif\"><span style=\"font-size: 12px\"><span style=\"font-family: Tahoma\"><img loading=\"lazy\" decoding=\"async\" class=\" alignleft size-full wp-image-81\" height=\"100\" alt=\"\" hspace=\"3\" width=\"150\" align=\"left\" vspace=\"3\" src=\"https:\/\/www.ramazanbasak.com.tr\/wp-content\/uploads\/2008\/02\/9.jpg\" \/>T\u00fcrkiye-S\u0131rbistan Parlamentolararas\u0131 Dostluk Grubu Ba\u015fkan\u0131 ve AK Parti \u015eanl\u0131urfa Milletvekili Ramazan Ba\u015fak, S\u0131rbistan \u00c7al\u0131\u015fma ve Sosyal Politikalar Bakan\u0131 Rasim Ljaji\u00e7 ba\u015fkanl\u0131\u011f\u0131ndaki heyet ile g\u00f6r\u00fc\u015ft\u00fc.<\/span><\/span><\/span><\/p>\n<p> <span style=\"font-size: 12px\"><span style=\"font-family: Tahoma\">-TBMM Haber Sitesi- T\u00fcrkiye-S\u0131rbistan Parlamentolararas\u0131 Dostluk Grubu Ba\u015fkan\u0131 ve AK Parti \u015eanl\u0131urfa Milletvekili Ramazan Ba\u015fak, S\u0131rbistan \u00c7al\u0131\u015fma ve Sosyal Politikalar Bakan\u0131 Rasim Ljaji\u00e7 ba\u015fkanl\u0131\u011f\u0131ndaki heyet ile g\u00f6r\u00fc\u015ft\u00fc.<\/p>\n<p> T\u00fcrkiye-S\u0131rbistan Parlamentolararas\u0131 Dostluk Grubu Ba\u015fkan\u0131 Ba\u015fak, &#8220;Balkanlardaki bar\u0131\u015f ortam\u0131 \u00fclkemiz i\u00e7in \u00e7ok \u00f6nemli&#8221; diyerek, T\u00fcrkiye&#8217;nin, S\u0131rbistan a\u00e7\u0131s\u0131ndan hassasiyet g\u00f6steren konularda tedbirli bir politika izledi\u011fini belirtti.<\/p>\n<p> Ba\u015fak, D\u00fcnya bar\u0131\u015f\u0131 a\u00e7\u0131s\u0131ndan Balkanlar&#8217;daki bar\u0131\u015f\u0131 devam ettirmenin \u00f6nemli oldu\u011funu vurgulad\u0131.<\/span><\/span>&#160;<\/p>\n<p style=\"text-align: justify\"><span style=\"font-size: 12px\"><span style=\"font-family: Tahoma\"> <!--more-->  <\/span><\/span><\/p>\n<p style=\"text-align: justify\"><span style=\"font-size: 12px\"><span style=\"font-family: Tahoma\">Ba\u015fak, T\u00fcrkiye ve S\u0131rbistan aras\u0131ndaki ticaretin geli\u015ftirilmesi i\u00e7in parlamentonun gereken \u00e7al\u0131\u015fmalar\u0131 yapaca\u011f\u0131n\u0131 da s\u00f6zlerine ekledi.<\/p>\n<p> <\/span><\/span><span style=\"font-size: 12px\"><span style=\"font-family: Tahoma\">S\u0131rbistan \u00c7al\u0131\u015fma ve Sosyal Politikalar Bakan\u0131 Rasim Ljaji\u00e7 de, T\u00fcrkiye ve S\u0131rbistan aras\u0131nda dostluk grubunun kurulmas\u0131 dolay\u0131s\u0131yla mutluluk duydu\u011funu s\u00f6yleyerek, dostluk grubunun kar\u015f\u0131l\u0131kl\u0131 ili\u015fkilere katk\u0131 sa\u011flayaca\u011f\u0131n\u0131 kaydetti.<\/p>\n<p> Ljaji\u00e7, T\u00fcrkiye&#8217;nin S\u0131rbistan i\u00e7in diplomatik ve politik a\u00e7\u0131dan \u00e7ok \u00f6nemli bir yer te\u015fkil etti\u011fini s\u00f6yleyerek, T\u00fcrk yat\u0131r\u0131mc\u0131lar\u0131 S\u0131rbistan&#8217;a beklediklerini belirtti.<\/p>\n<p> Ljaji\u00e7 s\u00f6zlerine \u015f\u00f6yle devam etti:<\/p>\n<p> &#8220;Eski Yugoslavya&#8217;daki b\u00fct\u00fcn milletlerle ve kom\u015fular\u0131m\u0131zla ili\u015fkilerimizi geli\u015ftirme \u00e7abas\u0131nday\u0131z. \u015eu anda Kosova sorunumuz var. B\u00fct\u00fcn b\u00f6lgeyi etkileyebilecek bir \u00e7\u00f6z\u00fcm s\u00fcrecindeyiz. Tabii ki orada ya\u015fayan Arnavutlar\u0131n haklar\u0131 korunmal\u0131 ama S\u0131rbistan&#8217;\u0131n haklar\u0131 da g\u00f6zard\u0131 edilemez. Biz, politik \u00e7\u00f6z\u00fcm bulmak i\u00e7in gayret ediyoruz. Bar\u0131\u015f\u00e7\u0131 yollarla \u00e7\u00f6z\u00fcm istiyoruz, sava\u015f istemiyoruz.&#8221;<\/span><\/span><\/p>\n","protected":false},"excerpt":{"rendered":"<p>T\u00fcrkiye-S\u0131rbistan Parlamentolararas\u0131 Dostluk Grubu Ba\u015fkan\u0131 ve AK Parti \u015eanl\u0131urfa Milletvekili Ramazan Ba\u015fak, S\u0131rbistan \u00c7al\u0131\u015fma ve Sosyal Politikalar Bakan\u0131 Rasim Ljaji\u00e7 ba\u015fkanl\u0131\u011f\u0131ndaki heyet ile g\u00f6r\u00fc\u015ft\u00fc. -TBMM Haber Sitesi- T\u00fcrkiye-S\u0131rbistan Parlamentolararas\u0131 Dostluk Grubu Ba\u015fkan\u0131 ve AK Parti \u015eanl\u0131urfa Milletvekili Ramazan Ba\u015fak, S\u0131rbistan \u00c7al\u0131\u015fma ve Sosyal Politikalar Bakan\u0131 Rasim Ljaji\u00e7 ba\u015fkanl\u0131\u011f\u0131ndaki heyet ile g\u00f6r\u00fc\u015ft\u00fc. T\u00fcrkiye-S\u0131rbistan Parlamentolararas\u0131 Dostluk Grubu &hellip;<\/p>\n","protected":false},"author":1,"featured_media":81,"comment_status":"open","ping_status":"open","sticky":false,"template":"","format":"standard","meta":{"footnotes":""},"categories":[8],"tags":[],"class_list":["post-82","post","type-post","status-publish","format-standard","has-post-thumbnail","hentry","category-haberler-haberler"],"_links":{"self":[{"href":"https:\/\/www.ramazanbasak.com.tr\/index.php?rest_route=\/wp\/v2\/posts\/82","targetHints":{"allow":["GET"]}}],"collection":[{"href":"https:\/\/www.ramazanbasak.com.tr\/index.php?rest_route=\/wp\/v2\/posts"}],"about":[{"href":"https:\/\/www.ramazanbasak.com.tr\/index.php?rest_route=\/wp\/v2\/types\/post"}],"author":[{"embeddable":true,"href":"https:\/\/www.ramazanbasak.com.tr\/index.php?rest_route=\/wp\/v2\/users\/1"}],"replies":[{"embeddable":true,"href":"https:\/\/www.ramazanbasak.com.tr\/index.php?rest_route=%2Fwp%2Fv2%2Fcomments&post=82"}],"version-history":[{"count":0,"href":"https:\/\/www.ramazanbasak.com.tr\/index.php?rest_route=\/wp\/v2\/posts\/82\/revisions"}],"wp:featuredmedia":[{"embeddable":true,"href":"https:\/\/www.ramazanbasak.com.tr\/index.php?rest_route=\/wp\/v2\/media\/81"}],"wp:attachment":[{"href":"https:\/\/www.ramazanbasak.com.tr\/index.php?rest_route=%2Fwp%2Fv2%2Fmedia&parent=82"}],"wp:term":[{"taxonomy":"category","embeddable":true,"href":"https:\/\/www.ramazanbasak.com.tr\/index.php?rest_route=%2Fwp%2Fv2%2Fcategories&post=82"},{"taxonomy":"post_tag","embeddable":true,"href":"https:\/\/www.ramazanbasak.com.tr\/index.php?rest_route=%2Fwp%2Fv2%2Ftags&post=82"}],"curies":[{"name":"wp","href":"https:\/\/api.w.org\/{rel}","templated":true}]}}