{"id":85,"date":"2008-12-05T22:00:00","date_gmt":"2008-12-05T19:00:00","guid":{"rendered":"https:\/\/www.ramazanbasak.com.tr\/basak-sanliurfa-li-olmaktan-gurur-duyuyorum"},"modified":"2008-12-05T22:00:00","modified_gmt":"2008-12-05T19:00:00","slug":"basak-sanliurfa-li-olmaktan-gurur-duyuyorum","status":"publish","type":"post","link":"https:\/\/www.ramazanbasak.com.tr\/?p=85","title":{"rendered":"Ba\u015fak &#8216; \u015eanl\u0131urfa l\u0131 olmaktan gurur duyuyorum &#8216;"},"content":{"rendered":"<p align=\"justify\" style=\"margin-top: 0px; margin-bottom: 0px\"><span style=\"font-size: 12px\"><span style=\"font-family: Tahoma\"><img loading=\"lazy\" decoding=\"async\" class=\" alignleft size-full wp-image-3\" height=\"201\" hspace=\"3\" width=\"150\" align=\"left\" vspace=\"3\" alt=\"\" src=\"https:\/\/www.ramazanbasak.com.tr\/wp-content\/uploads\/2008\/11\/ramazan_basak.jpg\" \/>AKP SE\u00c7\u0130M \u0130\u015eLER\u0130 BA\u015eKAN YARDIMCISI \u015eANLIURFA M\u0130LLETVEK\u0130L\u0130 RAMAZAN BA\u015eAK<\/p>\n<p> \u015eANLIURFALI OLMAKTAN GURUR DUYUYORUM<\/p>\n<p> <b>Nedim AT\u0130LLA&#8217;n\u0131n Haberi<\/b><\/p>\n<p> \u015eANLIURFA- AKP \u015eanl\u0131urfa milletvekili Ramazan Ba\u015fak Pazar g\u00fcn\u00fc yap\u0131lan Referandum se\u00e7imlerinde \u015eanl\u0131urfal\u0131lar\u0131n sand\u0131\u011fa giderek kulland\u0131klar\u0131 \u2018Evet\u2019 oylar\u0131 ile krizx ve gerilim istemediklerini ortaya koymu\u015flard\u0131r\u2019 dedi.<\/p>\n<p> AKP \u015eanl\u0131urfa Milletvekili Ramazan Ba\u015fak \u00d6nceki g\u00fcn ger\u00e7ekle\u015ftirilen referandumda \u015eanl\u0131urfa\u2019n\u0131n Evet\u2019e destek veren iller aras\u0131nda \u00e7\u0131kmas\u0131n\u0131n ard\u0131ndan \u015eanl\u0131urfa\u2019n\u0131n T\u00fcrkiye nin g\u00fcndemine yerle\u015fti\u011fini s\u00f6yledi.<\/p>\n<p> AKP \u015eanl\u0131urfa milletvekili AKP Se\u00e7im \u0130\u015fleri Ba\u015fkan Yard\u0131mc\u0131s\u0131 Ramazan Ba\u015fak Yapt\u0131\u011f\u0131 yaz\u0131l\u0131 a\u00e7\u0131klamada \u015funlar\u0131 s\u00f6yledi.<\/p>\n<p> \u2018\u015eanl\u0131urfal\u0131 olmaktan ve \u015eanl\u0131urfal\u0131larla gurur duyuyorum. \u015eanl\u0131urfa\u2019l\u0131lar her zaman demokrasi ve \u00f6zg\u00fcrl\u00fckten yana tav\u0131r koymu\u015ftur.\u201cBilindi\u011fi gibi 21 Ekim Pazar g\u00fcn\u00fc ger\u00e7ekle\u015ftirilen referandum da, \u015eanl\u0131urfa\u2019m\u0131z y\u00fczde 95,66 oran\u0131yla referanduma en y\u00fcksek deste\u011fi veren iller aras\u0131nda \u00fc\u00e7\u00fcnc\u00fc olmu\u015ftur. \u015eanl\u0131urfa halk\u0131, vermi\u015f oldu\u011fu bu y\u00fcksek \u201cEvet\u201d oylar\u0131 ile tercihini demokrasiden, \u00f6zg\u00fcrl\u00fckten yana yapm\u0131\u015ft\u0131r.Halk\u0131m\u0131z, boykotlara ve sand\u0131\u011fa gitmeme yolundaki telkinlere ra\u011fmen b\u00fcy\u00fck bir \u00e7o\u011funlukla t\u0131pk\u0131 bir genel se\u00e7ime gider gibi sand\u0131\u011fa gitmi\u015f ve verdi\u011fi \u201cEvet\u201d oylar\u0131 kriz ve gerilim istemedi\u011fini bir kez daha vurgulam\u0131\u015ft\u0131r.<\/p>\n<p> \u015eanl\u0131urfal\u0131 bu karar\u0131 ile partimize ve h\u00fck\u00fcmetimize vermi\u015f oldu\u011fu destek ve g\u00fcveni de bir kez daha yenilemi\u015ftir. B\u00fct\u00fcn \u015eanl\u0131urfal\u0131 hem\u015ferilerimize vermi\u015f olduklar\u0131 bu destekten dolay\u0131 te\u015fekk\u00fcr ediyorum.<\/span><\/span><\/p>\n","protected":false},"excerpt":{"rendered":"<p>AKP SE\u00c7\u0130M \u0130\u015eLER\u0130 BA\u015eKAN YARDIMCISI \u015eANLIURFA M\u0130LLETVEK\u0130L\u0130 RAMAZAN BA\u015eAK \u015eANLIURFALI OLMAKTAN GURUR DUYUYORUM Nedim AT\u0130LLA&#8217;n\u0131n Haberi \u015eANLIURFA- AKP \u015eanl\u0131urfa milletvekili Ramazan Ba\u015fak Pazar g\u00fcn\u00fc yap\u0131lan Referandum se\u00e7imlerinde \u015eanl\u0131urfal\u0131lar\u0131n sand\u0131\u011fa giderek kulland\u0131klar\u0131 \u2018Evet\u2019 oylar\u0131 ile krizx ve gerilim istemediklerini ortaya koymu\u015flard\u0131r\u2019 dedi. AKP \u015eanl\u0131urfa Milletvekili Ramazan Ba\u015fak \u00d6nceki g\u00fcn ger\u00e7ekle\u015ftirilen referandumda \u015eanl\u0131urfa\u2019n\u0131n Evet\u2019e destek veren iller &hellip;<\/p>\n","protected":false},"author":1,"featured_media":3,"comment_status":"open","ping_status":"open","sticky":false,"template":"","format":"standard","meta":{"footnotes":""},"categories":[8],"tags":[],"class_list":["post-85","post","type-post","status-publish","format-standard","has-post-thumbnail","hentry","category-haberler-haberler"],"_links":{"self":[{"href":"https:\/\/www.ramazanbasak.com.tr\/index.php?rest_route=\/wp\/v2\/posts\/85","targetHints":{"allow":["GET"]}}],"collection":[{"href":"https:\/\/www.ramazanbasak.com.tr\/index.php?rest_route=\/wp\/v2\/posts"}],"about":[{"href":"https:\/\/www.ramazanbasak.com.tr\/index.php?rest_route=\/wp\/v2\/types\/post"}],"author":[{"embeddable":true,"href":"https:\/\/www.ramazanbasak.com.tr\/index.php?rest_route=\/wp\/v2\/users\/1"}],"replies":[{"embeddable":true,"href":"https:\/\/www.ramazanbasak.com.tr\/index.php?rest_route=%2Fwp%2Fv2%2Fcomments&post=85"}],"version-history":[{"count":0,"href":"https:\/\/www.ramazanbasak.com.tr\/index.php?rest_route=\/wp\/v2\/posts\/85\/revisions"}],"wp:featuredmedia":[{"embeddable":true,"href":"https:\/\/www.ramazanbasak.com.tr\/index.php?rest_route=\/wp\/v2\/media\/3"}],"wp:attachment":[{"href":"https:\/\/www.ramazanbasak.com.tr\/index.php?rest_route=%2Fwp%2Fv2%2Fmedia&parent=85"}],"wp:term":[{"taxonomy":"category","embeddable":true,"href":"https:\/\/www.ramazanbasak.com.tr\/index.php?rest_route=%2Fwp%2Fv2%2Fcategories&post=85"},{"taxonomy":"post_tag","embeddable":true,"href":"https:\/\/www.ramazanbasak.com.tr\/index.php?rest_route=%2Fwp%2Fv2%2Ftags&post=85"}],"curies":[{"name":"wp","href":"https:\/\/api.w.org\/{rel}","templated":true}]}}