{"id":86,"date":"2008-12-15T22:00:00","date_gmt":"2008-12-15T19:00:00","guid":{"rendered":"https:\/\/www.ramazanbasak.com.tr\/ramazan-basaktan-irakli-gazeteciye-tepki"},"modified":"2008-12-15T22:00:00","modified_gmt":"2008-12-15T19:00:00","slug":"ramazan-basaktan-irakli-gazeteciye-tepki","status":"publish","type":"post","link":"https:\/\/www.ramazanbasak.com.tr\/?p=86","title":{"rendered":"Ramazan Ba\u015fak&#8217;tan Irakl\u0131 Gazeteciye Tepki"},"content":{"rendered":"<p style=\"text-align: justify\"><span style=\"font-size: 12px\"><span style=\"font-family: Tahoma\"><span style=\"mso-fareast-font-family: 'Times New Roman'; mso-ansi-language: TR; mso-fareast-language: TR; mso-bidi-language: AR-SA\"><font color=\"#000000\">\u015eanl\u0131urfa Milletvekili Ramazan Ba\u015fak, konuya ili\u015fkin \u0130hlas Haber Ajans\u0131&#8217;na yapt\u0131\u011f\u0131 a\u00e7\u0131klamada &#8220;Sevsek de sevmesek de bir \u00fclkenin devlet ba\u015fkan\u0131n\u0131n oldu\u011fu bir yerde bence uluslararas\u0131 ili\u015fkilerde biraz daha dikkatli olmak laz\u0131m&#8221; diyerek gazetecinin hareketinin do\u011fru olmad\u0131\u011f\u0131n\u0131 belirtti. Ba\u015fak, buna kar\u015f\u0131n olay\u0131 irdelerken Irak halk\u0131n\u0131n y\u0131llard\u0131r \u00e7ekti\u011fi s\u0131k\u0131nt\u0131y\u0131 unatmamak gerekti\u011fini belirtti.<\/font><\/span><\/span><\/span><\/p>\n","protected":false},"excerpt":{"rendered":"<p>\u015eanl\u0131urfa Milletvekili Ramazan Ba\u015fak, konuya ili\u015fkin \u0130hlas Haber Ajans\u0131&#8217;na yapt\u0131\u011f\u0131 a\u00e7\u0131klamada &#8220;Sevsek de sevmesek de bir \u00fclkenin devlet ba\u015fkan\u0131n\u0131n oldu\u011fu bir yerde bence uluslararas\u0131 ili\u015fkilerde biraz daha dikkatli olmak laz\u0131m&#8221; diyerek gazetecinin hareketinin do\u011fru olmad\u0131\u011f\u0131n\u0131 belirtti. Ba\u015fak, buna kar\u015f\u0131n olay\u0131 irdelerken Irak halk\u0131n\u0131n y\u0131llard\u0131r \u00e7ekti\u011fi s\u0131k\u0131nt\u0131y\u0131 unatmamak gerekti\u011fini belirtti.<\/p>\n","protected":false},"author":1,"featured_media":0,"comment_status":"open","ping_status":"open","sticky":false,"template":"","format":"standard","meta":{"footnotes":""},"categories":[8],"tags":[],"class_list":["post-86","post","type-post","status-publish","format-standard","hentry","category-haberler-haberler"],"_links":{"self":[{"href":"https:\/\/www.ramazanbasak.com.tr\/index.php?rest_route=\/wp\/v2\/posts\/86","targetHints":{"allow":["GET"]}}],"collection":[{"href":"https:\/\/www.ramazanbasak.com.tr\/index.php?rest_route=\/wp\/v2\/posts"}],"about":[{"href":"https:\/\/www.ramazanbasak.com.tr\/index.php?rest_route=\/wp\/v2\/types\/post"}],"author":[{"embeddable":true,"href":"https:\/\/www.ramazanbasak.com.tr\/index.php?rest_route=\/wp\/v2\/users\/1"}],"replies":[{"embeddable":true,"href":"https:\/\/www.ramazanbasak.com.tr\/index.php?rest_route=%2Fwp%2Fv2%2Fcomments&post=86"}],"version-history":[{"count":0,"href":"https:\/\/www.ramazanbasak.com.tr\/index.php?rest_route=\/wp\/v2\/posts\/86\/revisions"}],"wp:attachment":[{"href":"https:\/\/www.ramazanbasak.com.tr\/index.php?rest_route=%2Fwp%2Fv2%2Fmedia&parent=86"}],"wp:term":[{"taxonomy":"category","embeddable":true,"href":"https:\/\/www.ramazanbasak.com.tr\/index.php?rest_route=%2Fwp%2Fv2%2Fcategories&post=86"},{"taxonomy":"post_tag","embeddable":true,"href":"https:\/\/www.ramazanbasak.com.tr\/index.php?rest_route=%2Fwp%2Fv2%2Ftags&post=86"}],"curies":[{"name":"wp","href":"https:\/\/api.w.org\/{rel}","templated":true}]}}