{"id":89,"date":"2009-01-02T12:52:25","date_gmt":"2009-01-02T09:52:25","guid":{"rendered":"https:\/\/www.ramazanbasak.com.tr\/ak-partili-guneydogu-kokenli-milletvekilleri-terorun-zehiri-demokrasidir-pkk-ohalin-gelmesini-istiyor-ozel"},"modified":"2009-01-02T12:52:25","modified_gmt":"2009-01-02T09:52:25","slug":"ak-partili-guneydogu-kokenli-milletvekilleri-terorun-zehiri-demokrasidir-pkk-ohalin-gelmesini-istiyor-ozel","status":"publish","type":"post","link":"https:\/\/www.ramazanbasak.com.tr\/?p=89","title":{"rendered":"AK PART\u0130L\u0130 G\u00dcNEYDO\u011eU K\u00d6KENL\u0130 M\u0130LLETVEK\u0130LLER\u0130: &#8220;TER\u00d6R\u00dcN ZEH\u0130R\u0130 DEMOKRAS\u0130D\u0130R, PKK, OHAL&#8217;\u0130N GELMES\u0130N\u0130 \u0130ST\u0130YOR (\u00d6ZEL)"},"content":{"rendered":"<p style=\"text-align: justify\"><span style=\"font-size: 12px\"><span style=\"font-family: Tahoma\">Akt\u00fct\u00fcn Karakolu&#8217;na D\u00fczenlenen ve 17 Askerin \u015eehit Edildi\u011fi Hain Sald\u0131r\u0131n\u0131n Yank\u0131lar\u0131 S\u00fcrerken, Hemen Herkes PKK Ter\u00f6r \u00d6rg\u00fct\u00fcyle Nas\u0131l Ba\u015f Edilebilece\u011fini Konu\u015fuyor. Ancak Ter\u00f6re Kar\u015f\u0131 S\u00fcrd\u00fcr\u00fclecek M\u00fccadelede Temel Hak ve \u00d6zg\u00fcrl\u00fcklerden \u00d6d\u00fcn Verilmemesi ve Ohal&#8217;in Geri Getirilmemesi \u0130steniyor.<\/span><\/span><\/p>\n<p style=\"text-align: justify\"><span style=\"font-size: 12px\"><span style=\"font-family: Tahoma\">&#160;<\/span><\/span><\/p>\n<p style=\"text-align: justify\"><span style=\"font-size: 12px\"><span style=\"font-family: Tahoma\">Akt\u00fct\u00fcn Karakolu&#8217;na d\u00fczenlenen ve 17 askerin \u015fehit edildi\u011fi hain sald\u0131r\u0131n\u0131n yank\u0131lar\u0131 s\u00fcrerken, hemen herkes PKK ter\u00f6r \u00f6rg\u00fct\u00fcyle nas\u0131l ba\u015f edilebilece\u011fini konu\u015fuyor. Ancak ter\u00f6re kar\u015f\u0131 s\u00fcrd\u00fcr\u00fclecek m\u00fccadelede temel hak ve \u00f6zg\u00fcrl\u00fcklerden \u00f6d\u00fcn verilmemesi ve OHAL&#8217;in geri getirilmemesi isteniyor.<\/span><\/span><\/p>\n<p style=\"text-align: justify\"><span style=\"font-size: 12px\"><span style=\"font-family: Tahoma\">&#160;<\/span><\/span><\/p>\n<p style=\"text-align: justify\"><span style=\"font-size: 12px\"><span style=\"font-family: Tahoma\">B\u00f6lgenin en b\u00fcy\u00fck partisi konumundaki AK Parti&#8217;nin Do\u011fu ve G\u00fcneydo\u011fu k\u00f6kenli milletvekilleri, PKK ile m\u00fccadelede OHAL gibi uygulamalar\u0131n geri gelebilece\u011finden endi\u015feli. B\u00f6lge milletvekillerine g\u00f6re demokratik olmayan yol ve y\u00f6ntemlerin en \u00e7ok ter\u00f6r \u00f6rg\u00fct\u00fc PKK&#8217;n\u0131n i\u015fine gelece\u011fini d\u00fc\u015f\u00fcn\u00fcyor. Ter\u00f6r \u00f6rg\u00fct\u00fcn\u00fcn 12 Eyl\u00fcl ortam\u0131nda ortaya \u00e7\u0131kt\u0131\u011f\u0131n\u0131, OHAL d\u00f6nemindeki yanl\u0131\u015f uygulamalar y\u00fcz\u00fcnden taban buldu\u011funa dikkat \u00e7eken G\u00fcneydo\u011fulu milletvekilleri, son y\u0131llarda iyice k\u00f6\u015feye s\u0131k\u0131\u015fan PKK&#8217;n\u0131n yeniden ma\u011fduriyet edebiyat\u0131 \u00fczerinden taban bulaca\u011f\u0131n\u0131 s\u00f6yl\u00fcyor. B\u00f6lgenin OHAL gibi uygulamalar\u0131 art\u0131k kald\u0131ramayaca\u011f\u0131n\u0131 vurgulayan milletvekilleri, &#8220;T\u00fcm T\u00fcrkiye&#8217;yi yasa bo\u011fan bu hain sald\u0131r\u0131 hepimizin kenetlenmesine vesile oldu. Ter\u00f6r \u00f6rg\u00fct\u00fcne y\u00f6nelik her t\u00fcrl\u00fc m\u00fccadeleyi verelim. Ama sivil halka zarar verecek y\u00f6ntemlerden uzak durulmas\u0131 gerekir.&#8221; <!--more-->  <\/span><\/span><\/p>\n<p style=\"text-align: justify\"><span style=\"font-size: 12px\"><span style=\"font-family: Tahoma\">Milletvekilleri, ayr\u0131ca son karakol bask\u0131n\u0131n\u0131 f\u0131rsat bilerek da\u011fa \u00e7\u0131kmalar\u0131 \u00f6nlemek i\u00e7in geni\u015f kapsaml\u0131 bir af yasas\u0131n\u0131n \u00e7\u0131kart\u0131lmas\u0131n\u0131 istiyor. Baz\u0131 AK Partili Do\u011fu ve G\u00fcneydo\u011fu milletvekillerinin Akt\u00fct\u00fcn sald\u0131r\u0131s\u0131 ve sonras\u0131nda g\u00fcndeme gelen OHAL istekleri ile ilgili g\u00f6r\u00fc\u015fleri \u015f\u00f6yle:<\/span><\/span><\/p>\n<p style=\"text-align: justify\"><span style=\"font-size: 12px\"><span style=\"font-family: Tahoma\">&#160;<\/span><\/span><\/p>\n<p style=\"text-align: justify\"><span style=\"font-size: 12px\"><span style=\"font-family: Tahoma\">Ramazan Ba\u015fak(\u015eanl\u0131urfa): &#8220;T\u00fcrkiye \u00fczerinde oynanmak istenen genel i\u00e7 ve d\u0131\u015f oyun ve planlar\u0131n bir par\u00e7as\u0131 olarak g\u00f6r\u00fcyorum bu son sald\u0131r\u0131 olay\u0131n\u0131. OHAL&#8217;\u0131 \u00e7a\u011fr\u0131\u015ft\u0131ran antidemokratik talepler, ter\u00f6rle m\u00fccadele gibi yasal d\u00fczenlemelerin istenmesi yersiz. Bir yere e\u011fer bize bildirildi\u011fi kadar\u0131yla 5 kez sald\u0131r\u0131 d\u00fczenleniyor ancak buna ra\u011fmen g\u00fcvenlik \u00f6nlemleri yeterince al\u0131nm\u0131yorsa burada oturup d\u00fc\u015f\u00fcnmek laz\u0131m. G\u00fcn\u00fcm\u00fczde art\u0131k kapal\u0131 kap\u0131lar ard\u0131nda konu\u015fulanlar\u0131 bile rahatl\u0131kla dinleyebiliyoruz. Nas\u0131l olur da b\u00f6yle bir sald\u0131r\u0131dan haberimiz olmuyor. \u00d6nce bu konudaki zafiyetin konu\u015fulmas\u0131 laz\u0131m. T\u00fcrkiye&#8217;ye art\u0131k OHAL gelmez. Zaten \u00e7eyrek as\u0131rl\u0131k s\u00fcre m\u00fccadelede onunla da hi\u00e7bir \u015feyi \u00e7\u00f6zemedi\u011fimizi de bilmek laz\u0131m. B\u00f6lgenin huzuruna kur\u015fun s\u0131k\u0131lmak isteniyor.&#8221;<\/span><\/span><\/p>\n","protected":false},"excerpt":{"rendered":"<p>Akt\u00fct\u00fcn Karakolu&#8217;na D\u00fczenlenen ve 17 Askerin \u015eehit Edildi\u011fi Hain Sald\u0131r\u0131n\u0131n Yank\u0131lar\u0131 S\u00fcrerken, Hemen Herkes PKK Ter\u00f6r \u00d6rg\u00fct\u00fcyle Nas\u0131l Ba\u015f Edilebilece\u011fini Konu\u015fuyor. Ancak Ter\u00f6re Kar\u015f\u0131 S\u00fcrd\u00fcr\u00fclecek M\u00fccadelede Temel Hak ve \u00d6zg\u00fcrl\u00fcklerden \u00d6d\u00fcn Verilmemesi ve Ohal&#8217;in Geri Getirilmemesi \u0130steniyor. &#160; Akt\u00fct\u00fcn Karakolu&#8217;na d\u00fczenlenen ve 17 askerin \u015fehit edildi\u011fi hain sald\u0131r\u0131n\u0131n yank\u0131lar\u0131 s\u00fcrerken, hemen herkes PKK ter\u00f6r \u00f6rg\u00fct\u00fcyle &hellip;<\/p>\n","protected":false},"author":1,"featured_media":0,"comment_status":"open","ping_status":"open","sticky":false,"template":"","format":"standard","meta":{"footnotes":""},"categories":[8],"tags":[],"class_list":["post-89","post","type-post","status-publish","format-standard","hentry","category-haberler-haberler"],"_links":{"self":[{"href":"https:\/\/www.ramazanbasak.com.tr\/index.php?rest_route=\/wp\/v2\/posts\/89","targetHints":{"allow":["GET"]}}],"collection":[{"href":"https:\/\/www.ramazanbasak.com.tr\/index.php?rest_route=\/wp\/v2\/posts"}],"about":[{"href":"https:\/\/www.ramazanbasak.com.tr\/index.php?rest_route=\/wp\/v2\/types\/post"}],"author":[{"embeddable":true,"href":"https:\/\/www.ramazanbasak.com.tr\/index.php?rest_route=\/wp\/v2\/users\/1"}],"replies":[{"embeddable":true,"href":"https:\/\/www.ramazanbasak.com.tr\/index.php?rest_route=%2Fwp%2Fv2%2Fcomments&post=89"}],"version-history":[{"count":0,"href":"https:\/\/www.ramazanbasak.com.tr\/index.php?rest_route=\/wp\/v2\/posts\/89\/revisions"}],"wp:attachment":[{"href":"https:\/\/www.ramazanbasak.com.tr\/index.php?rest_route=%2Fwp%2Fv2%2Fmedia&parent=89"}],"wp:term":[{"taxonomy":"category","embeddable":true,"href":"https:\/\/www.ramazanbasak.com.tr\/index.php?rest_route=%2Fwp%2Fv2%2Fcategories&post=89"},{"taxonomy":"post_tag","embeddable":true,"href":"https:\/\/www.ramazanbasak.com.tr\/index.php?rest_route=%2Fwp%2Fv2%2Ftags&post=89"}],"curies":[{"name":"wp","href":"https:\/\/api.w.org\/{rel}","templated":true}]}}