{"id":9,"date":"2008-09-10T22:00:00","date_gmt":"2008-09-10T19:00:00","guid":{"rendered":"https:\/\/www.ramazanbasak.com.tr\/basak%e2%80%99tan-ramazan-surprizi"},"modified":"2008-09-10T22:00:00","modified_gmt":"2008-09-10T19:00:00","slug":"basak%e2%80%99tan-ramazan-surprizi","status":"publish","type":"post","link":"https:\/\/www.ramazanbasak.com.tr\/?p=9","title":{"rendered":"Ba\u015fak\u2019tan Ramazan s\u00fcrprizi"},"content":{"rendered":"<div style=\"text-align: justify\"><span style=\"font-size: 12px\"><font face=\"Arial\"><img loading=\"lazy\" decoding=\"async\" class=\" alignleft size-full wp-image-8\" height=\"100\" hspace=\"3\" width=\"150\" align=\"left\" vspace=\"3\" alt=\"\" src=\"https:\/\/www.ramazanbasak.com.tr\/wp-content\/uploads\/2008\/09\/sanliurfaolay.jpg\" srcset=\"https:\/\/www.ramazanbasak.com.tr\/wp-content\/uploads\/2008\/09\/sanliurfaolay.jpg 314w, https:\/\/www.ramazanbasak.com.tr\/wp-content\/uploads\/2008\/09\/sanliurfaolay-300x201.jpg 300w\" sizes=\"auto, (max-width: 150px) 100vw, 150px\" \/>Milletvekilimiz Ramazan Ba\u015fak d\u00fcn ak\u015fam bir yerel televizyonda yapt\u0131\u011f\u0131 a\u00e7\u0131klamalar sonras\u0131 Suru\u00e7 Ovas\u0131na gelecek su projesinin ihale tarihini 31 Ekim 2008 Cuma g\u00fcn\u00fc saat 10.00 da yapacaklar\u0131n\u0131 ve aksilik olmas\u0131 halinde Kas\u0131m sonu veya en ge\u00e7 Aral\u0131k ba\u015f\u0131nda temelini b\u00fct\u00fcn Suru\u00e7 ve Urfa\u2019yla birlikte atacaklar\u0131n\u0131 s\u00f6yledi.<\/p>\n<p> Daha \u00f6nceden de bir\u00e7ok siyaset\u00e7inin g\u00fcndeminde olan bu projenin bug\u00fcne kadar kimse taraf\u0131ndan ger\u00e7ekle\u015ftirilece\u011fi d\u00fc\u015f\u00fcn\u00fclm\u00fcyordu. Ancak milletvekili Ramazan Ba\u015fak\u2019\u0131n b\u00fcy\u00fck gayretleri sonucunda hayata ge\u00e7irilmesine yaln\u0131zca g\u00fcnler kald\u0131.<\/p>\n<p> Bu konuyla ilgili kendisine y\u00f6neltilen sorulara cevap veren AK Parti Milletvekili Ramazan Ba\u015fak, \u201cBu b\u00fcy\u00fck projenin ger\u00e7ekle\u015fmesini sa\u011flamak bize nasip olacak\u201d dedi. <!--more-->  Kendisinin ve mensubu oldu\u011fu AK Partinin b\u00fcy\u00fck \u00f6zveri g\u00f6sterdi\u011fini, hat\u0131rland\u0131\u011f\u0131 gibi 1-2 ay kadar \u00f6nce Suru\u00e7 Ovas\u0131 Pompaj Sulama Projesinin ihaleye \u00e7\u0131kmas\u0131 ve temelinin at\u0131lmas\u0131 i\u00e7in gerekli \u00f6dene\u011fin kendisi ve AK Partinin gayretleriyle \u00e7\u0131kart\u0131ld\u0131\u011f\u0131n\u0131, bunun yan\u0131nda tabi ki ilk k\u0131s\u0131mla kalmayacaklar\u0131n\u0131 bu ihaleden sonra vakit kaybetmeden ikinci k\u0131sm\u0131n ihalesine \u00e7\u0131kacaklar\u0131n\u0131 ve Suruc\u2019un ve Suru\u00e7lular\u0131n \u00f6zlemini \u00e7ekti\u011fi suyun gelece\u011fini s\u00f6yledi.<\/p>\n<p> Suru\u00e7 Ovas\u0131 Pompaj Sulama Projesinin ilk k\u0131sm\u0131 olan ve ana iletim kanallar\u0131ndan pompa istasyonuna kadar olan ilk 30 km\u2019lik k\u0131sm\u0131n ihalesine 31 Ekim 2008 Cuma saat 10.00 da \u00e7\u0131k\u0131laca\u011f\u0131n\u0131, gayet \u015feffaf \u015fartlarda yap\u0131laca\u011f\u0131n\u0131 ve hi\u00e7 bir aksili\u011fe sebebiyet vermeden ihaleyi sonu\u00e7land\u0131r\u0131p kas\u0131m sonu aral\u0131k ba\u015f\u0131 gibi temeli atmak istediklerini, bu ihalenin hemen akabinde kalan 17 km\u2019lik t\u00fcnel k\u0131sm\u0131n\u0131n ihalesini de yapacaklar\u0131n\u0131 belirtti.<\/p>\n<p> Projenin toplamda 94 bin 814 hektarl\u0131k bir alan\u0131 sulayaca\u011f\u0131n\u0131 s\u00f6yleyen Ba\u015fak, suyun gelmesiyle verimli arazilerin ger\u00e7ek de\u011ferini bulaca\u011f\u0131n\u0131, Suruc\u2019un ve Suru\u00e7lular\u0131n kalk\u0131nmas\u0131nda \u00f6nem arz edece\u011fini ifade etti.<\/p>\n<p> Bundan \u00f6nce de bu konuda pek \u00e7ok haberin yap\u0131ld\u0131\u011f\u0131n\u0131, bas\u0131nda ve Urfa da \u00e7\u0131kan kendisiyle ilgili her haberde bu projenin kullan\u0131ld\u0131\u011f\u0131n\u0131, bunun \u00fcst\u00fcnden kendisinin ve partisinin y\u0131prat\u0131lmak istendi\u011fini belirten Ba\u015fak, bunlar\u0131n amac\u0131n\u0131n belli oldu\u011funu AK Parti\u2019nin sadece Suru\u00e7\u2019 ta de\u011fil, t\u00fcm Urfa\u2019da ve t\u00fcm T\u00fcrkiye\u2019de b\u00fcy\u00fck bir \u00e7o\u011funlukla ba\u015far\u0131l\u0131 olaca\u011f\u0131n\u0131, tabi ki belediyelerin hepsini almak istediklerini ancak herkesin d\u00fc\u015f\u00fcncelerine ve tercihlerine sayg\u0131l\u0131 olduklar\u0131n, bug\u00fcne kadar yap\u0131lan icraatlar\u0131n insanlar\u0131m\u0131z\u0131n tercihlerini hangi y\u00f6nde g\u00f6stereceklerini sand\u0131kta g\u00f6receklerini ve AK Parti\u2019nin yapt\u0131klar\u0131n\u0131 t\u00fcm T\u00fcrkiye\u2019nin takdir etti\u011fini ve yapacaklar\u0131na da halk\u0131m\u0131z\u0131n desteklerini eksik etmeyeceklerini iddia etti.<\/p>\n<p> T\u00fcrkiye\u2019ye hay\u0131rl\u0131 olmas\u0131n\u0131 dileyen Ba\u015fak, bu gibi projelerin Urfa i\u00e7in yeni ba\u015flad\u0131\u011f\u0131n\u0131 daha fazlas\u0131n\u0131 da getireceklerini Peygamberler \u015fehri Urfa\u2019ya lay\u0131k olmak i\u00e7in ellerinden geleni t\u00fcm milletvekili arkada\u015flar\u0131yla yapacaklar\u0131n\u0131, bu vesileyle t\u00fcm Urfal\u0131 hem\u015ferilerinin bir kez daha ramazan-\u0131 \u015feriflerinin hay\u0131rlara vesile olmas\u0131n\u0131 dileyerek, Urfa i\u00e7in yap\u0131lan bu gibi projelerde eme\u011fi ge\u00e7en b\u00fct\u00fcn milletvekili arkada\u015flar\u0131na ve t\u00fcm b\u00fcrokratlara te\u015fekk\u00fcr etti.<\/p>\n<p> Not: Haber <a href=\"http:\/\/www.sanliurfaolay.com\">www.sanliurfaolay.com<\/a>&#160;dan al\u0131nt\u0131d\u0131r.<\/font><\/span><\/div>\n","protected":false},"excerpt":{"rendered":"<p>Milletvekilimiz Ramazan Ba\u015fak d\u00fcn ak\u015fam bir yerel televizyonda yapt\u0131\u011f\u0131 a\u00e7\u0131klamalar sonras\u0131 Suru\u00e7 Ovas\u0131na gelecek su projesinin ihale tarihini 31 Ekim 2008 Cuma g\u00fcn\u00fc saat 10.00 da yapacaklar\u0131n\u0131 ve aksilik olmas\u0131 halinde Kas\u0131m sonu veya en ge\u00e7 Aral\u0131k ba\u015f\u0131nda temelini b\u00fct\u00fcn Suru\u00e7 ve Urfa\u2019yla birlikte atacaklar\u0131n\u0131 s\u00f6yledi. Daha \u00f6nceden de bir\u00e7ok siyaset\u00e7inin g\u00fcndeminde olan bu projenin &hellip;<\/p>\n","protected":false},"author":1,"featured_media":8,"comment_status":"open","ping_status":"open","sticky":false,"template":"","format":"standard","meta":{"footnotes":""},"categories":[8],"tags":[],"class_list":["post-9","post","type-post","status-publish","format-standard","has-post-thumbnail","hentry","category-haberler-haberler"],"_links":{"self":[{"href":"https:\/\/www.ramazanbasak.com.tr\/index.php?rest_route=\/wp\/v2\/posts\/9","targetHints":{"allow":["GET"]}}],"collection":[{"href":"https:\/\/www.ramazanbasak.com.tr\/index.php?rest_route=\/wp\/v2\/posts"}],"about":[{"href":"https:\/\/www.ramazanbasak.com.tr\/index.php?rest_route=\/wp\/v2\/types\/post"}],"author":[{"embeddable":true,"href":"https:\/\/www.ramazanbasak.com.tr\/index.php?rest_route=\/wp\/v2\/users\/1"}],"replies":[{"embeddable":true,"href":"https:\/\/www.ramazanbasak.com.tr\/index.php?rest_route=%2Fwp%2Fv2%2Fcomments&post=9"}],"version-history":[{"count":0,"href":"https:\/\/www.ramazanbasak.com.tr\/index.php?rest_route=\/wp\/v2\/posts\/9\/revisions"}],"wp:featuredmedia":[{"embeddable":true,"href":"https:\/\/www.ramazanbasak.com.tr\/index.php?rest_route=\/wp\/v2\/media\/8"}],"wp:attachment":[{"href":"https:\/\/www.ramazanbasak.com.tr\/index.php?rest_route=%2Fwp%2Fv2%2Fmedia&parent=9"}],"wp:term":[{"taxonomy":"category","embeddable":true,"href":"https:\/\/www.ramazanbasak.com.tr\/index.php?rest_route=%2Fwp%2Fv2%2Fcategories&post=9"},{"taxonomy":"post_tag","embeddable":true,"href":"https:\/\/www.ramazanbasak.com.tr\/index.php?rest_route=%2Fwp%2Fv2%2Ftags&post=9"}],"curies":[{"name":"wp","href":"https:\/\/api.w.org\/{rel}","templated":true}]}}