{"id":91,"date":"2009-01-02T12:59:03","date_gmt":"2009-01-02T09:59:03","guid":{"rendered":"https:\/\/www.ramazanbasak.com.tr\/ak-parti-viransehir-ilce-baskani-palmanak-oldu"},"modified":"2009-01-02T12:59:03","modified_gmt":"2009-01-02T09:59:03","slug":"ak-parti-viransehir-ilce-baskani-palmanak-oldu","status":"publish","type":"post","link":"https:\/\/www.ramazanbasak.com.tr\/?p=91","title":{"rendered":"AK PART\u0130 V\u0130RAN\u015eEH\u0130R \u0130L\u00c7E BA\u015eKANI PALMANAK OLDU"},"content":{"rendered":"<p align=\"justify\" style=\"margin-top: 0px; margin-bottom: 0px\"><span style=\"font-size: 12px\"><span style=\"font-family: Tahoma\"><img loading=\"lazy\" decoding=\"async\" class=\" alignleft size-full wp-image-90\" height=\"226\" hspace=\"3\" width=\"150\" align=\"left\" vspace=\"3\" alt=\"\" src=\"https:\/\/www.ramazanbasak.com.tr\/wp-content\/uploads\/2009\/01\/12.jpg\" srcset=\"https:\/\/www.ramazanbasak.com.tr\/wp-content\/uploads\/2009\/01\/12.jpg 250w, https:\/\/www.ramazanbasak.com.tr\/wp-content\/uploads\/2009\/01\/12-199x300.jpg 199w\" sizes=\"auto, (max-width: 150px) 100vw, 150px\" \/>\u015eanl\u0131urfa&#8217;n\u0131n Viran\u015fehir \u0130l\u00e7esinde Ger\u00e7ekle\u015ftirilen AK Parti 3. Ola\u011fan Kongresinde \u0130l\u00e7e Ba\u015fkanl\u0131\u011f\u0131na Delegelerin Tamam\u0131n\u0131n Oyunu Alan Bahri Palmanak Se\u00e7ildi.<\/span><\/span><\/p>\n<p align=\"justify\" style=\"margin-top: 0px; margin-bottom: 0px\"><span style=\"font-size: 12px\">&#160;<\/span><\/p>\n<p align=\"justify\" style=\"margin-top: 0px; margin-bottom: 0px\"><span style=\"font-size: 12px\"><font size=\"2\"><span style=\"font-family: Tahoma\">\u015eanl\u0131urfa&#8217;n\u0131n Viran\u015fehir il\u00e7esinde ger\u00e7ekle\u015ftirilen AK Parti 3. ola\u011fan kongresinde il\u00e7e ba\u015fkanl\u0131\u011f\u0131na delegelerin tamam\u0131n\u0131n oyunu alan Bahri Palmanak se\u00e7ildi.<\/span><\/font><\/span><\/p>\n<p align=\"justify\" style=\"margin-top: 0px; margin-bottom: 0px\"><span style=\"font-size: 12px\">&#160;<\/span><\/p>\n<p align=\"justify\" style=\"margin-top: 0px; margin-bottom: 0px\"><span style=\"font-size: 12px\"><span style=\"font-family: Tahoma\">Viran\u015fehir Belediye K\u00fclt\u00fcr Merkezi&#8217;nde yap\u0131lan kongreye AK Parti \u015eanl\u0131urfa milletvekilleri Ramazan Ba\u015fak, Yahya Akman ile \u0130l Ba\u015fkan\u0131 Mehmet Ekinci, il meclis \u00fcyeleri ve delegeler kat\u0131ld\u0131.<\/span><\/span><\/p>\n","protected":false},"excerpt":{"rendered":"<p>\u015eanl\u0131urfa&#8217;n\u0131n Viran\u015fehir \u0130l\u00e7esinde Ger\u00e7ekle\u015ftirilen AK Parti 3. Ola\u011fan Kongresinde \u0130l\u00e7e Ba\u015fkanl\u0131\u011f\u0131na Delegelerin Tamam\u0131n\u0131n Oyunu Alan Bahri Palmanak Se\u00e7ildi. &#160; \u015eanl\u0131urfa&#8217;n\u0131n Viran\u015fehir il\u00e7esinde ger\u00e7ekle\u015ftirilen AK Parti 3. ola\u011fan kongresinde il\u00e7e ba\u015fkanl\u0131\u011f\u0131na delegelerin tamam\u0131n\u0131n oyunu alan Bahri Palmanak se\u00e7ildi. &#160; Viran\u015fehir Belediye K\u00fclt\u00fcr Merkezi&#8217;nde yap\u0131lan kongreye AK Parti \u015eanl\u0131urfa milletvekilleri Ramazan Ba\u015fak, Yahya Akman ile \u0130l Ba\u015fkan\u0131 &hellip;<\/p>\n","protected":false},"author":1,"featured_media":90,"comment_status":"open","ping_status":"open","sticky":false,"template":"","format":"standard","meta":{"footnotes":""},"categories":[8],"tags":[],"class_list":["post-91","post","type-post","status-publish","format-standard","has-post-thumbnail","hentry","category-haberler-haberler"],"_links":{"self":[{"href":"https:\/\/www.ramazanbasak.com.tr\/index.php?rest_route=\/wp\/v2\/posts\/91","targetHints":{"allow":["GET"]}}],"collection":[{"href":"https:\/\/www.ramazanbasak.com.tr\/index.php?rest_route=\/wp\/v2\/posts"}],"about":[{"href":"https:\/\/www.ramazanbasak.com.tr\/index.php?rest_route=\/wp\/v2\/types\/post"}],"author":[{"embeddable":true,"href":"https:\/\/www.ramazanbasak.com.tr\/index.php?rest_route=\/wp\/v2\/users\/1"}],"replies":[{"embeddable":true,"href":"https:\/\/www.ramazanbasak.com.tr\/index.php?rest_route=%2Fwp%2Fv2%2Fcomments&post=91"}],"version-history":[{"count":0,"href":"https:\/\/www.ramazanbasak.com.tr\/index.php?rest_route=\/wp\/v2\/posts\/91\/revisions"}],"wp:featuredmedia":[{"embeddable":true,"href":"https:\/\/www.ramazanbasak.com.tr\/index.php?rest_route=\/wp\/v2\/media\/90"}],"wp:attachment":[{"href":"https:\/\/www.ramazanbasak.com.tr\/index.php?rest_route=%2Fwp%2Fv2%2Fmedia&parent=91"}],"wp:term":[{"taxonomy":"category","embeddable":true,"href":"https:\/\/www.ramazanbasak.com.tr\/index.php?rest_route=%2Fwp%2Fv2%2Fcategories&post=91"},{"taxonomy":"post_tag","embeddable":true,"href":"https:\/\/www.ramazanbasak.com.tr\/index.php?rest_route=%2Fwp%2Fv2%2Ftags&post=91"}],"curies":[{"name":"wp","href":"https:\/\/api.w.org\/{rel}","templated":true}]}}