{"id":93,"date":"2008-10-17T22:00:00","date_gmt":"2008-10-17T19:00:00","guid":{"rendered":"https:\/\/www.ramazanbasak.com.tr\/devlet-bakani-simsek-sanliurfada"},"modified":"2008-10-17T22:00:00","modified_gmt":"2008-10-17T19:00:00","slug":"devlet-bakani-simsek-sanliurfada","status":"publish","type":"post","link":"https:\/\/www.ramazanbasak.com.tr\/?p=93","title":{"rendered":"DEVLET BAKANI \u015e\u0130M\u015eEK \u015eANLIURFA&#8217;DA"},"content":{"rendered":"<p style=\"text-align: justify\"><span style=\"font-size: 12px\"><img loading=\"lazy\" decoding=\"async\" class=\" alignleft size-full wp-image-92\" height=\"98\" hspace=\"3\" width=\"150\" align=\"left\" vspace=\"3\" alt=\"\" src=\"https:\/\/www.ramazanbasak.com.tr\/wp-content\/uploads\/2008\/10\/13.jpg\" \/>Devlet Bakan\u0131 Mehmet \u015eim\u015fek, Baz\u0131 Ziyaretler ve \u0130l\u00e7e Kongrelerine Kat\u0131lmak \u00dczere \u015eanl\u0131urfa&#8217;ya Geldi.<\/span><\/p>\n<p> <span style=\"font-size: 12px\">Devlet Bakan\u0131 Mehmet \u015eim\u015fek, baz\u0131 ziyaretler ve il\u00e7e kongrelerine kat\u0131lmak \u00fczere \u015eanl\u0131urfa&#8217;ya geldi.<\/span><\/p>\n<p> <span style=\"font-size: 12px\">Diyarbak\u0131r&#8217;dan karayoluyla \u015eanl\u0131urfa&#8217;ya gelen Bakan \u015eim\u015fek, \u015fehrin giri\u015findeki Karak\u00f6pr\u00fc beldesinde Vali Yusuf Yava\u015fcan, Belediye Ba\u015fkan\u0131 Ahmet E\u015fref Fak\u0131baba, \u0130l Jandarma Alay Komutan\u0131 \u015e\u00fckr\u00fc Cumhur, Emniyet M\u00fcd\u00fcr\u00fc Kutlay \u00c7elik, AK Parti \u015eanl\u0131urfa milletvekilleri M\u00fcfit Yetkin, Ramazan Ba\u015fak ve \u00e7ok say\u0131da partili taraf\u0131ndan kar\u015f\u0131land\u0131.<\/span><\/p>\n<p> <span style=\"font-size: 12px\">Devlet Bakan\u0131 Mehmet \u015eim\u015fek, kendisini kar\u015f\u0131layan protokolle tek tek tokala\u015ft\u0131ktan sonra partisinin il\u00e7e kongresine kat\u0131lmak \u00fczere Suru\u00e7&#8217;a gitti.<\/span><\/p>\n<p> <span style=\"font-size: 12px\">Bu arada Bakan \u015eim\u015fek, arac\u0131na binmeden \u00f6nce gazetecilerin \u0131srarl\u0131 sorular\u0131 \u00fczerine bir a\u00e7\u0131klama yapmayaca\u011f\u0131n\u0131 belirterek, \u015eanl\u0131urfal\u0131lara bas\u0131n arac\u0131l\u0131\u011f\u0131yla selam s\u00f6yledi.<\/span><\/p>\n<p> <span style=\"font-size: 12px\">\u015eim\u015fek, &#8220;Krizle ilgili son g\u00fcnlerde d\u00f6vizde ve borsada ya\u015fanan geli\u015fmeleri nas\u0131l de\u011ferlendiriyorsunuz?&#8221;sorusuna ise, &#8220;Ba\u015fka bir g\u00fcn \u015eanl\u0131urfa&#8217;ya geldi\u011fimde ayr\u0131nt\u0131l\u0131 bir \u015fekilde bas\u0131n toplant\u0131s\u0131 yapar sorular\u0131n\u0131za orada kar\u015f\u0131l\u0131k veririm.&#8221; diye cevap verdi.<\/span><\/p>\n","protected":false},"excerpt":{"rendered":"<p>Devlet Bakan\u0131 Mehmet \u015eim\u015fek, Baz\u0131 Ziyaretler ve \u0130l\u00e7e Kongrelerine Kat\u0131lmak \u00dczere \u015eanl\u0131urfa&#8217;ya Geldi. Devlet Bakan\u0131 Mehmet \u015eim\u015fek, baz\u0131 ziyaretler ve il\u00e7e kongrelerine kat\u0131lmak \u00fczere \u015eanl\u0131urfa&#8217;ya geldi. Diyarbak\u0131r&#8217;dan karayoluyla \u015eanl\u0131urfa&#8217;ya gelen Bakan \u015eim\u015fek, \u015fehrin giri\u015findeki Karak\u00f6pr\u00fc beldesinde Vali Yusuf Yava\u015fcan, Belediye Ba\u015fkan\u0131 Ahmet E\u015fref Fak\u0131baba, \u0130l Jandarma Alay Komutan\u0131 \u015e\u00fckr\u00fc Cumhur, Emniyet M\u00fcd\u00fcr\u00fc Kutlay \u00c7elik, AK &hellip;<\/p>\n","protected":false},"author":1,"featured_media":92,"comment_status":"open","ping_status":"open","sticky":false,"template":"","format":"standard","meta":{"footnotes":""},"categories":[8],"tags":[],"class_list":["post-93","post","type-post","status-publish","format-standard","has-post-thumbnail","hentry","category-haberler-haberler"],"_links":{"self":[{"href":"https:\/\/www.ramazanbasak.com.tr\/index.php?rest_route=\/wp\/v2\/posts\/93","targetHints":{"allow":["GET"]}}],"collection":[{"href":"https:\/\/www.ramazanbasak.com.tr\/index.php?rest_route=\/wp\/v2\/posts"}],"about":[{"href":"https:\/\/www.ramazanbasak.com.tr\/index.php?rest_route=\/wp\/v2\/types\/post"}],"author":[{"embeddable":true,"href":"https:\/\/www.ramazanbasak.com.tr\/index.php?rest_route=\/wp\/v2\/users\/1"}],"replies":[{"embeddable":true,"href":"https:\/\/www.ramazanbasak.com.tr\/index.php?rest_route=%2Fwp%2Fv2%2Fcomments&post=93"}],"version-history":[{"count":0,"href":"https:\/\/www.ramazanbasak.com.tr\/index.php?rest_route=\/wp\/v2\/posts\/93\/revisions"}],"wp:featuredmedia":[{"embeddable":true,"href":"https:\/\/www.ramazanbasak.com.tr\/index.php?rest_route=\/wp\/v2\/media\/92"}],"wp:attachment":[{"href":"https:\/\/www.ramazanbasak.com.tr\/index.php?rest_route=%2Fwp%2Fv2%2Fmedia&parent=93"}],"wp:term":[{"taxonomy":"category","embeddable":true,"href":"https:\/\/www.ramazanbasak.com.tr\/index.php?rest_route=%2Fwp%2Fv2%2Fcategories&post=93"},{"taxonomy":"post_tag","embeddable":true,"href":"https:\/\/www.ramazanbasak.com.tr\/index.php?rest_route=%2Fwp%2Fv2%2Ftags&post=93"}],"curies":[{"name":"wp","href":"https:\/\/api.w.org\/{rel}","templated":true}]}}