{"id":95,"date":"2009-01-02T13:47:07","date_gmt":"2009-01-02T10:47:07","guid":{"rendered":"https:\/\/www.ramazanbasak.com.tr\/meclise-kamerali-koruma"},"modified":"2009-01-02T13:47:07","modified_gmt":"2009-01-02T10:47:07","slug":"meclise-kamerali-koruma","status":"publish","type":"post","link":"https:\/\/www.ramazanbasak.com.tr\/?p=95","title":{"rendered":"MECL\u0130S&#8217;E KAMERALI KORUMA"},"content":{"rendered":"<p style=\"text-align: justify\"><span style=\"font-size: 12px\"><img loading=\"lazy\" decoding=\"async\" class=\" alignleft size-full wp-image-94\" height=\"134\" hspace=\"3\" width=\"150\" align=\"left\" vspace=\"3\" alt=\"\" src=\"https:\/\/www.ramazanbasak.com.tr\/wp-content\/uploads\/2009\/01\/14.jpg\" \/>TBMM Bah\u00e7esi ile Belirlenen Di\u011fer Alanlara G\u00fcvenlik Kameralar\u0131 Yerle\u015ftirilmeye Ba\u015fland\u0131. Proje Kapsam\u0131nda Meclis&#8217;e 247 G\u00fcvenlik Kameras\u0131 Yerle\u015ftirilecek.<\/span><\/p>\n<p> <span style=\"font-size: 12px\">TBMM bah\u00e7esi ile belirlenen di\u011fer alanlara g\u00fcvenlik kameralar\u0131 yerle\u015ftirilmeye ba\u015fland\u0131. Proje kapsam\u0131nda Meclis&#8217;e 247 g\u00fcvenlik kameras\u0131 yerle\u015ftirilecek.<\/span><\/p>\n<p> <span style=\"font-size: 12px\">Meclis Enformasyon ve Telekom\u00fcnikasyon Sistemleri (METS\u0130S) Projesi kapsam\u0131nda Meclis&#8217;e yerle\u015ftirilecek g\u00fcvenlik kameralar\u0131n\u0131n montaj\u0131na ba\u015fland\u0131. METS\u0130S \u00e7er\u00e7evesinde Meclis&#8217;e 247 noktaya MOBESE kameras\u0131 kurulacak. Proje kapsam\u0131nda, TBMM yerle\u015fke alan\u0131 \u00e7evresinde konu\u015fland\u0131r\u0131lm\u0131\u015f, \u00e7evre ko\u015fullar\u0131na dayan\u0131kl\u0131, alarm destek yaz\u0131l\u0131mlar\u0131 ile g\u00fc\u00e7lendirilmi\u015f, uzun s\u00fcreli kay\u0131t yetene\u011fine sahip, hareketli ve sabit kameralardan olu\u015fan kamera g\u00fcvenlik sistemi kurulacak. Modern ileti\u015fim altyap\u0131s\u0131, g\u00fcvenlik kameralar\u0131 ve destek yaz\u0131l\u0131mlar\u0131 ile plaka tan\u0131ma, \u015f\u00fcpheli nesne alg\u0131lama gibi sistemler ile yerle\u015fke g\u00fcvenli\u011fi yan\u0131s\u0131ra ziyaret\u00e7i giri\u015f \u00e7\u0131k\u0131\u015flar\u0131nda da h\u0131z ve g\u00fcvenlik sa\u011flanacak. Genel Kurul salonu ve milletvekillerinin odalar\u0131na ise g\u00fcvenlik kameras\u0131 tak\u0131lmayacak.<\/span><\/p>\n<p> <span style=\"font-size: 12px\">Meclis&#8217;e kamera konulmas\u0131 milletvekillerinden olumlu tepki ald\u0131. AK Parti \u015eanl\u0131urfa Milletvekili Ramazan Ba\u015fak, milletvekilleri olarak zaten her zaman g\u00f6z \u00f6n\u00fcnde oduklar\u0131 belirterek, kamera konulmas\u0131n\u0131 olumlu buldu\u011funu s\u00f6yledi. Meclis bah\u00e7esinin geni\u015f bir alan oldu\u011funu ve Meclis&#8217;e her g\u00fcn \u00e7ok say\u0131da ziyaret\u00e7i geldi\u011fini dile getiren Ba\u015fak, g\u00fcvenlik kameras\u0131yla herkesin biraz daha dikkatli davranmak zorunda kalaca\u011f\u0131n\u0131 s\u00f6yledi.<\/span><\/p>\n","protected":false},"excerpt":{"rendered":"<p>TBMM Bah\u00e7esi ile Belirlenen Di\u011fer Alanlara G\u00fcvenlik Kameralar\u0131 Yerle\u015ftirilmeye Ba\u015fland\u0131. Proje Kapsam\u0131nda Meclis&#8217;e 247 G\u00fcvenlik Kameras\u0131 Yerle\u015ftirilecek. TBMM bah\u00e7esi ile belirlenen di\u011fer alanlara g\u00fcvenlik kameralar\u0131 yerle\u015ftirilmeye ba\u015fland\u0131. Proje kapsam\u0131nda Meclis&#8217;e 247 g\u00fcvenlik kameras\u0131 yerle\u015ftirilecek. Meclis Enformasyon ve Telekom\u00fcnikasyon Sistemleri (METS\u0130S) Projesi kapsam\u0131nda Meclis&#8217;e yerle\u015ftirilecek g\u00fcvenlik kameralar\u0131n\u0131n montaj\u0131na ba\u015fland\u0131. METS\u0130S \u00e7er\u00e7evesinde Meclis&#8217;e 247 noktaya MOBESE kameras\u0131 &hellip;<\/p>\n","protected":false},"author":1,"featured_media":94,"comment_status":"open","ping_status":"open","sticky":false,"template":"","format":"standard","meta":{"footnotes":""},"categories":[8],"tags":[],"class_list":["post-95","post","type-post","status-publish","format-standard","has-post-thumbnail","hentry","category-haberler-haberler"],"_links":{"self":[{"href":"https:\/\/www.ramazanbasak.com.tr\/index.php?rest_route=\/wp\/v2\/posts\/95","targetHints":{"allow":["GET"]}}],"collection":[{"href":"https:\/\/www.ramazanbasak.com.tr\/index.php?rest_route=\/wp\/v2\/posts"}],"about":[{"href":"https:\/\/www.ramazanbasak.com.tr\/index.php?rest_route=\/wp\/v2\/types\/post"}],"author":[{"embeddable":true,"href":"https:\/\/www.ramazanbasak.com.tr\/index.php?rest_route=\/wp\/v2\/users\/1"}],"replies":[{"embeddable":true,"href":"https:\/\/www.ramazanbasak.com.tr\/index.php?rest_route=%2Fwp%2Fv2%2Fcomments&post=95"}],"version-history":[{"count":0,"href":"https:\/\/www.ramazanbasak.com.tr\/index.php?rest_route=\/wp\/v2\/posts\/95\/revisions"}],"wp:featuredmedia":[{"embeddable":true,"href":"https:\/\/www.ramazanbasak.com.tr\/index.php?rest_route=\/wp\/v2\/media\/94"}],"wp:attachment":[{"href":"https:\/\/www.ramazanbasak.com.tr\/index.php?rest_route=%2Fwp%2Fv2%2Fmedia&parent=95"}],"wp:term":[{"taxonomy":"category","embeddable":true,"href":"https:\/\/www.ramazanbasak.com.tr\/index.php?rest_route=%2Fwp%2Fv2%2Fcategories&post=95"},{"taxonomy":"post_tag","embeddable":true,"href":"https:\/\/www.ramazanbasak.com.tr\/index.php?rest_route=%2Fwp%2Fv2%2Ftags&post=95"}],"curies":[{"name":"wp","href":"https:\/\/api.w.org\/{rel}","templated":true}]}}